{"id":113109,"date":"2022-12-28T13:17:07","date_gmt":"2022-12-28T16:17:07","guid":{"rendered":"https:\/\/acs.org.br\/antigo\/?p=113109"},"modified":"2022-12-28T13:17:07","modified_gmt":"2022-12-28T16:17:07","slug":"porto-liderancas-portuarias-querem-dialogo-com-o-governo-lula","status":"publish","type":"post","link":"https:\/\/acs.org.br\/academy\/porto-liderancas-portuarias-querem-dialogo-com-o-governo-lula\/","title":{"rendered":"PORTO: Lideran\u00e7as portu\u00e1rias querem di\u00e1logo com o Governo Lula"},"content":{"rendered":"<p>Fonte: BE News<\/p>\n<p>Lideran\u00e7as portu\u00e1rias afirmam que, independentemente da desestatiza\u00e7\u00e3o ou n\u00e3o da administra\u00e7\u00e3o do Porto de Santos (SP), querem estabelecer um di\u00e1logo com futuro governo Lula em defesa de pol\u00edticas voltadas ao desenvolvimento do setor.<\/p>\n<p><a href=\"https:\/\/acs.org.br\/antigo\/wp-content\/uploads\/2022\/12\/gestao-porto-e-lula.pdf\">LEIA MAIS&#8230;<\/a><\/p>\n","protected":false},"excerpt":{"rendered":"<p>Fonte: BE News Lideran\u00e7as portu\u00e1rias afirmam que, independentemente da desestatiza\u00e7\u00e3o ou n\u00e3o da administra\u00e7\u00e3o do Porto de Santos (SP), querem estabelecer um di\u00e1logo com futuro governo Lula em defesa de pol\u00edticas voltadas ao desenvolvimento do setor. LEIA MAIS&#8230;<\/p>\n","protected":false},"author":66,"featured_media":0,"comment_status":"open","ping_status":"open","sticky":false,"template":"","format":"standard","meta":{"footnotes":""},"categories":[105],"tags":[],"_links":{"self":[{"href":"https:\/\/acs.org.br\/academy\/wp-json\/wp\/v2\/posts\/113109"}],"collection":[{"href":"https:\/\/acs.org.br\/academy\/wp-json\/wp\/v2\/posts"}],"about":[{"href":"https:\/\/acs.org.br\/academy\/wp-json\/wp\/v2\/types\/post"}],"author":[{"embeddable":true,"href":"https:\/\/acs.org.br\/academy\/wp-json\/wp\/v2\/users\/66"}],"replies":[{"embeddable":true,"href":"https:\/\/acs.org.br\/academy\/wp-json\/wp\/v2\/comments?post=113109"}],"version-history":[{"count":1,"href":"https:\/\/acs.org.br\/academy\/wp-json\/wp\/v2\/posts\/113109\/revisions"}],"predecessor-version":[{"id":113114,"href":"https:\/\/acs.org.br\/academy\/wp-json\/wp\/v2\/posts\/113109\/revisions\/113114"}],"wp:attachment":[{"href":"https:\/\/acs.org.br\/academy\/wp-json\/wp\/v2\/media?parent=113109"}],"wp:term":[{"taxonomy":"category","embeddable":true,"href":"https:\/\/acs.org.br\/academy\/wp-json\/wp\/v2\/categories?post=113109"},{"taxonomy":"post_tag","embeddable":true,"href":"https:\/\/acs.org.br\/academy\/wp-json\/wp\/v2\/tags?post=113109"}],"curies":[{"name":"wp","href":"https:\/\/api.w.org\/{rel}","templated":true}]}}