{"id":113080,"date":"2022-12-27T12:26:26","date_gmt":"2022-12-27T15:26:26","guid":{"rendered":"https:\/\/acs.org.br\/antigo\/?p=113080"},"modified":"2022-12-27T12:26:26","modified_gmt":"2022-12-27T15:26:26","slug":"cafe-cooxupe-apesar-da-incerteza-com-a-safra-cafe-recuou-47-em-2022-reacao-pode-acontecer-entre-janeiro-e-fevereiro","status":"publish","type":"post","link":"https:\/\/acs.org.br\/academy\/cafe-cooxupe-apesar-da-incerteza-com-a-safra-cafe-recuou-47-em-2022-reacao-pode-acontecer-entre-janeiro-e-fevereiro\/","title":{"rendered":"CAF\u00c9: Cooxup\u00e9: Apesar da incerteza com a safra, caf\u00e9 recuou 47% em 2022; rea\u00e7\u00e3o pode acontecer entre janeiro e fevereiro"},"content":{"rendered":"<p>Fonte: Not\u00edcias Agr\u00edcolas\u00a0<\/p>\n<p>O caf\u00e9, por caracter\u00edsticas pr\u00f3prias, \u00e9 um dos mercados que mais apresentam volatilidade entre as commodities agr\u00edcolas. Neste ano, com desafios que continuaram do campo \u00e0 x\u00edcara, o produtor viu uma oscila\u00e7\u00e3o ainda mais significativa e os pre\u00e7os recuaram de forma significativa, apesar das incertezas em rela\u00e7\u00e3o ao tamanho da produ\u00e7\u00e3o brasileira.<\/p>\n<p><a href=\"https:\/\/www.noticiasagricolas.com.br\/noticias\/cafe\/337014-cooxupe-apesar-da-incerteza-com-a-safra-cafe-recuou-47-em-2022-reacao-pode-acontecer-entre-janeiro-e-fevereiro.html#.Y6sIN3bMLIU\">LEIA MAIS&#8230;<\/a><\/p>\n","protected":false},"excerpt":{"rendered":"<p>Fonte: Not\u00edcias Agr\u00edcolas\u00a0 O caf\u00e9, por caracter\u00edsticas pr\u00f3prias, \u00e9 um dos mercados que mais apresentam volatilidade entre as commodities agr\u00edcolas. Neste ano, com desafios que continuaram do campo \u00e0 x\u00edcara, o produtor viu uma oscila\u00e7\u00e3o ainda mais significativa e os pre\u00e7os recuaram de forma significativa, apesar das incertezas em rela\u00e7\u00e3o ao tamanho da produ\u00e7\u00e3o brasileira. [&hellip;]<\/p>\n","protected":false},"author":66,"featured_media":0,"comment_status":"open","ping_status":"open","sticky":false,"template":"","format":"standard","meta":{"footnotes":""},"categories":[105],"tags":[],"_links":{"self":[{"href":"https:\/\/acs.org.br\/academy\/wp-json\/wp\/v2\/posts\/113080"}],"collection":[{"href":"https:\/\/acs.org.br\/academy\/wp-json\/wp\/v2\/posts"}],"about":[{"href":"https:\/\/acs.org.br\/academy\/wp-json\/wp\/v2\/types\/post"}],"author":[{"embeddable":true,"href":"https:\/\/acs.org.br\/academy\/wp-json\/wp\/v2\/users\/66"}],"replies":[{"embeddable":true,"href":"https:\/\/acs.org.br\/academy\/wp-json\/wp\/v2\/comments?post=113080"}],"version-history":[{"count":1,"href":"https:\/\/acs.org.br\/academy\/wp-json\/wp\/v2\/posts\/113080\/revisions"}],"predecessor-version":[{"id":113089,"href":"https:\/\/acs.org.br\/academy\/wp-json\/wp\/v2\/posts\/113080\/revisions\/113089"}],"wp:attachment":[{"href":"https:\/\/acs.org.br\/academy\/wp-json\/wp\/v2\/media?parent=113080"}],"wp:term":[{"taxonomy":"category","embeddable":true,"href":"https:\/\/acs.org.br\/academy\/wp-json\/wp\/v2\/categories?post=113080"},{"taxonomy":"post_tag","embeddable":true,"href":"https:\/\/acs.org.br\/academy\/wp-json\/wp\/v2\/tags?post=113080"}],"curies":[{"name":"wp","href":"https:\/\/api.w.org\/{rel}","templated":true}]}}