{"id":113079,"date":"2022-12-27T12:25:55","date_gmt":"2022-12-27T15:25:55","guid":{"rendered":"https:\/\/acs.org.br\/antigo\/?p=113079"},"modified":"2022-12-27T12:25:55","modified_gmt":"2022-12-27T15:25:55","slug":"mundo-biden-declara-emergencia-no-estado-de-nova-york","status":"publish","type":"post","link":"https:\/\/acs.org.br\/academy\/mundo-biden-declara-emergencia-no-estado-de-nova-york\/","title":{"rendered":"MUNDO: Biden declara emerg\u00eancia no estado de Nova York"},"content":{"rendered":"<p>Fonte: Ag\u00eancia Brasil \u00a0\u00a0\u00a0\u00a0<\/p>\n<p>O presidente dos Estados Unidos, Joe Biden, aprovou declara\u00e7\u00e3o de emerg\u00eancia para o estado de Nova York, o mais afetado pela tempestade Elliot.<\/p>\n<p>Com esta declara\u00e7\u00e3o, Biden aprova a ajuda federal aos governos estaduais e locais para lidar com as consequ\u00eancias da tempestade, que causou pelo menos 50 mortes em todo o pa\u00eds, 27 dos quais no noroeste daquele estado.<\/p>\n<p><a href=\"https:\/\/agenciabrasil.ebc.com.br\/internacional\/noticia\/2022-12\/biden-declara-emergencia-no-estado-de-nova-york\">LEIA MAIS&#8230;<\/a><\/p>\n","protected":false},"excerpt":{"rendered":"<p>Fonte: Ag\u00eancia Brasil \u00a0\u00a0\u00a0\u00a0 O presidente dos Estados Unidos, Joe Biden, aprovou declara\u00e7\u00e3o de emerg\u00eancia para o estado de Nova York, o mais afetado pela tempestade Elliot. Com esta declara\u00e7\u00e3o, Biden aprova a ajuda federal aos governos estaduais e locais para lidar com as consequ\u00eancias da tempestade, que causou pelo menos 50 mortes em todo [&hellip;]<\/p>\n","protected":false},"author":66,"featured_media":0,"comment_status":"open","ping_status":"open","sticky":false,"template":"","format":"standard","meta":{"footnotes":""},"categories":[105],"tags":[],"_links":{"self":[{"href":"https:\/\/acs.org.br\/academy\/wp-json\/wp\/v2\/posts\/113079"}],"collection":[{"href":"https:\/\/acs.org.br\/academy\/wp-json\/wp\/v2\/posts"}],"about":[{"href":"https:\/\/acs.org.br\/academy\/wp-json\/wp\/v2\/types\/post"}],"author":[{"embeddable":true,"href":"https:\/\/acs.org.br\/academy\/wp-json\/wp\/v2\/users\/66"}],"replies":[{"embeddable":true,"href":"https:\/\/acs.org.br\/academy\/wp-json\/wp\/v2\/comments?post=113079"}],"version-history":[{"count":1,"href":"https:\/\/acs.org.br\/academy\/wp-json\/wp\/v2\/posts\/113079\/revisions"}],"predecessor-version":[{"id":113088,"href":"https:\/\/acs.org.br\/academy\/wp-json\/wp\/v2\/posts\/113079\/revisions\/113088"}],"wp:attachment":[{"href":"https:\/\/acs.org.br\/academy\/wp-json\/wp\/v2\/media?parent=113079"}],"wp:term":[{"taxonomy":"category","embeddable":true,"href":"https:\/\/acs.org.br\/academy\/wp-json\/wp\/v2\/categories?post=113079"},{"taxonomy":"post_tag","embeddable":true,"href":"https:\/\/acs.org.br\/academy\/wp-json\/wp\/v2\/tags?post=113079"}],"curies":[{"name":"wp","href":"https:\/\/api.w.org\/{rel}","templated":true}]}}