{"id":113077,"date":"2022-12-27T12:24:33","date_gmt":"2022-12-27T15:24:33","guid":{"rendered":"https:\/\/acs.org.br\/antigo\/?p=113077"},"modified":"2022-12-27T12:24:33","modified_gmt":"2022-12-27T15:24:33","slug":"economia-economia-iniciara-ano-com-discussao-sobre-impostos-e-novo-marco-fiscal","status":"publish","type":"post","link":"https:\/\/acs.org.br\/academy\/economia-economia-iniciara-ano-com-discussao-sobre-impostos-e-novo-marco-fiscal\/","title":{"rendered":"ECONOMIA: Economia iniciar\u00e1 ano com discuss\u00e3o sobre impostos e novo marco fiscal"},"content":{"rendered":"<p>Fonte: Ag\u00eancia Brasil \u00a0\u00a0\u00a0\u00a0\u00a0\u00a0\u00a0<\/p>\n<p>Mesmo com a possibilidade de gastar at\u00e9 R$ 168 bilh\u00f5es fora do teto federal de gastos neste ano, a equipe econ\u00f4mica vai iniciar o novo governo com duas prioridades urgentes. O futuro ministro da Fazenda, Fernando Haddad, come\u00e7ar\u00e1 o ano analisando as contas p\u00fablicas e elaborando um novo marco fiscal que substituir\u00e1 as regras atuais.<\/p>\n<p><a href=\"https:\/\/agenciabrasil.ebc.com.br\/economia\/noticia\/2022-12\/economia-iniciara-ano-com-discussao-sobre-impostos-e-novo-marco-fiscal\">LEIA MAIS&#8230;<\/a><\/p>\n","protected":false},"excerpt":{"rendered":"<p>Fonte: Ag\u00eancia Brasil \u00a0\u00a0\u00a0\u00a0\u00a0\u00a0\u00a0 Mesmo com a possibilidade de gastar at\u00e9 R$ 168 bilh\u00f5es fora do teto federal de gastos neste ano, a equipe econ\u00f4mica vai iniciar o novo governo com duas prioridades urgentes. O futuro ministro da Fazenda, Fernando Haddad, come\u00e7ar\u00e1 o ano analisando as contas p\u00fablicas e elaborando um novo marco fiscal que [&hellip;]<\/p>\n","protected":false},"author":66,"featured_media":0,"comment_status":"open","ping_status":"open","sticky":false,"template":"","format":"standard","meta":{"footnotes":""},"categories":[105],"tags":[],"_links":{"self":[{"href":"https:\/\/acs.org.br\/academy\/wp-json\/wp\/v2\/posts\/113077"}],"collection":[{"href":"https:\/\/acs.org.br\/academy\/wp-json\/wp\/v2\/posts"}],"about":[{"href":"https:\/\/acs.org.br\/academy\/wp-json\/wp\/v2\/types\/post"}],"author":[{"embeddable":true,"href":"https:\/\/acs.org.br\/academy\/wp-json\/wp\/v2\/users\/66"}],"replies":[{"embeddable":true,"href":"https:\/\/acs.org.br\/academy\/wp-json\/wp\/v2\/comments?post=113077"}],"version-history":[{"count":1,"href":"https:\/\/acs.org.br\/academy\/wp-json\/wp\/v2\/posts\/113077\/revisions"}],"predecessor-version":[{"id":113086,"href":"https:\/\/acs.org.br\/academy\/wp-json\/wp\/v2\/posts\/113077\/revisions\/113086"}],"wp:attachment":[{"href":"https:\/\/acs.org.br\/academy\/wp-json\/wp\/v2\/media?parent=113077"}],"wp:term":[{"taxonomy":"category","embeddable":true,"href":"https:\/\/acs.org.br\/academy\/wp-json\/wp\/v2\/categories?post=113077"},{"taxonomy":"post_tag","embeddable":true,"href":"https:\/\/acs.org.br\/academy\/wp-json\/wp\/v2\/tags?post=113077"}],"curies":[{"name":"wp","href":"https:\/\/api.w.org\/{rel}","templated":true}]}}