{"id":113076,"date":"2022-12-27T12:24:04","date_gmt":"2022-12-27T15:24:04","guid":{"rendered":"https:\/\/acs.org.br\/antigo\/?p=113076"},"modified":"2022-12-27T12:24:04","modified_gmt":"2022-12-27T15:24:04","slug":"economia-bolsa-fecha-em-queda-com-piora-de-expectativas-sobre-inflacao-e-juros","status":"publish","type":"post","link":"https:\/\/acs.org.br\/academy\/economia-bolsa-fecha-em-queda-com-piora-de-expectativas-sobre-inflacao-e-juros\/","title":{"rendered":"ECONOMIA: Bolsa fecha em queda com piora de expectativas sobre infla\u00e7\u00e3o e juros"},"content":{"rendered":"<p>Fonte: Santaportal \u00a0\u00a0\u00a0\u00a0\u00a0\u00a0<\/p>\n<p>A Bolsa de Valores brasileira recuou na abertura da \u00faltima semana de 2022 sob press\u00e3o do aumento das expectativas para altas da infla\u00e7\u00e3o e dos juros. Com os mercados de Estados Unidos e Europa fechados devido ao feriado estendido de Natal, o volume das negocia\u00e7\u00f5es na sess\u00e3o foi menor do que o habitual.<\/p>\n<p><a href=\"https:\/\/santaportal.com.br\/geral\/bolsa-fecha-em-queda-com-piora-de-expectativas-sobre-inflacao-e-juros\/\">LEIA MAIS&#8230;<\/a><\/p>\n","protected":false},"excerpt":{"rendered":"<p>Fonte: Santaportal \u00a0\u00a0\u00a0\u00a0\u00a0\u00a0 A Bolsa de Valores brasileira recuou na abertura da \u00faltima semana de 2022 sob press\u00e3o do aumento das expectativas para altas da infla\u00e7\u00e3o e dos juros. Com os mercados de Estados Unidos e Europa fechados devido ao feriado estendido de Natal, o volume das negocia\u00e7\u00f5es na sess\u00e3o foi menor do que o [&hellip;]<\/p>\n","protected":false},"author":66,"featured_media":0,"comment_status":"open","ping_status":"open","sticky":false,"template":"","format":"standard","meta":{"footnotes":""},"categories":[105],"tags":[],"_links":{"self":[{"href":"https:\/\/acs.org.br\/academy\/wp-json\/wp\/v2\/posts\/113076"}],"collection":[{"href":"https:\/\/acs.org.br\/academy\/wp-json\/wp\/v2\/posts"}],"about":[{"href":"https:\/\/acs.org.br\/academy\/wp-json\/wp\/v2\/types\/post"}],"author":[{"embeddable":true,"href":"https:\/\/acs.org.br\/academy\/wp-json\/wp\/v2\/users\/66"}],"replies":[{"embeddable":true,"href":"https:\/\/acs.org.br\/academy\/wp-json\/wp\/v2\/comments?post=113076"}],"version-history":[{"count":1,"href":"https:\/\/acs.org.br\/academy\/wp-json\/wp\/v2\/posts\/113076\/revisions"}],"predecessor-version":[{"id":113085,"href":"https:\/\/acs.org.br\/academy\/wp-json\/wp\/v2\/posts\/113076\/revisions\/113085"}],"wp:attachment":[{"href":"https:\/\/acs.org.br\/academy\/wp-json\/wp\/v2\/media?parent=113076"}],"wp:term":[{"taxonomy":"category","embeddable":true,"href":"https:\/\/acs.org.br\/academy\/wp-json\/wp\/v2\/categories?post=113076"},{"taxonomy":"post_tag","embeddable":true,"href":"https:\/\/acs.org.br\/academy\/wp-json\/wp\/v2\/tags?post=113076"}],"curies":[{"name":"wp","href":"https:\/\/api.w.org\/{rel}","templated":true}]}}