{"id":113064,"date":"2022-12-26T13:12:58","date_gmt":"2022-12-26T16:12:58","guid":{"rendered":"https:\/\/acs.org.br\/antigo\/?p=113064"},"modified":"2022-12-26T13:12:58","modified_gmt":"2022-12-26T16:12:58","slug":"cafe-em-ano-desafiador-e-de-variacao-alucinante-nos-precos-abic-projeta-alta-de-ate-15-no-consumo-interno-de-cafe","status":"publish","type":"post","link":"https:\/\/acs.org.br\/academy\/cafe-em-ano-desafiador-e-de-variacao-alucinante-nos-precos-abic-projeta-alta-de-ate-15-no-consumo-interno-de-cafe\/","title":{"rendered":"CAF\u00c9: Em ano desafiador e de varia\u00e7\u00e3o alucinante nos pre\u00e7os, ABIC projeta alta de at\u00e9 1,5% no consumo interno de caf\u00e9"},"content":{"rendered":"<p>Fonte: Not\u00edcias Agr\u00edcolas\u00a0<\/p>\n<p>Ainda sentindo os efeitos da geada do ano passado, 2022 foi o segundo ano de produ\u00e7\u00e3o de caf\u00e9 ar\u00e1bica abaixo do que o estimado pelo setor. O resultado, consequentemente, foi de mais um ano com desafios para a ind\u00fastria nacional de caf\u00e9. O ponto positivo \u00e9 que o consumo se manteve, inclusive, com expectativa de eleva\u00e7\u00e3o em 2022.<\/p>\n<p><a href=\"https:\/\/www.noticiasagricolas.com.br\/noticias\/cafe\/336932-abic-em-ano-desafiador-e-variacao-alucinante-nos-precos-consumo-no-mercado-interno-em-2022-deve-ter-alta-de-1-5.html#.Y6m873bMLIU\">LEIA MAIS&#8230;<\/a><\/p>\n","protected":false},"excerpt":{"rendered":"<p>Fonte: Not\u00edcias Agr\u00edcolas\u00a0 Ainda sentindo os efeitos da geada do ano passado, 2022 foi o segundo ano de produ\u00e7\u00e3o de caf\u00e9 ar\u00e1bica abaixo do que o estimado pelo setor. O resultado, consequentemente, foi de mais um ano com desafios para a ind\u00fastria nacional de caf\u00e9. O ponto positivo \u00e9 que o consumo se manteve, inclusive, [&hellip;]<\/p>\n","protected":false},"author":66,"featured_media":0,"comment_status":"open","ping_status":"open","sticky":false,"template":"","format":"standard","meta":{"footnotes":""},"categories":[105],"tags":[],"_links":{"self":[{"href":"https:\/\/acs.org.br\/academy\/wp-json\/wp\/v2\/posts\/113064"}],"collection":[{"href":"https:\/\/acs.org.br\/academy\/wp-json\/wp\/v2\/posts"}],"about":[{"href":"https:\/\/acs.org.br\/academy\/wp-json\/wp\/v2\/types\/post"}],"author":[{"embeddable":true,"href":"https:\/\/acs.org.br\/academy\/wp-json\/wp\/v2\/users\/66"}],"replies":[{"embeddable":true,"href":"https:\/\/acs.org.br\/academy\/wp-json\/wp\/v2\/comments?post=113064"}],"version-history":[{"count":1,"href":"https:\/\/acs.org.br\/academy\/wp-json\/wp\/v2\/posts\/113064\/revisions"}],"predecessor-version":[{"id":113071,"href":"https:\/\/acs.org.br\/academy\/wp-json\/wp\/v2\/posts\/113064\/revisions\/113071"}],"wp:attachment":[{"href":"https:\/\/acs.org.br\/academy\/wp-json\/wp\/v2\/media?parent=113064"}],"wp:term":[{"taxonomy":"category","embeddable":true,"href":"https:\/\/acs.org.br\/academy\/wp-json\/wp\/v2\/categories?post=113064"},{"taxonomy":"post_tag","embeddable":true,"href":"https:\/\/acs.org.br\/academy\/wp-json\/wp\/v2\/tags?post=113064"}],"curies":[{"name":"wp","href":"https:\/\/api.w.org\/{rel}","templated":true}]}}