{"id":113058,"date":"2022-12-26T13:12:52","date_gmt":"2022-12-26T16:12:52","guid":{"rendered":"https:\/\/acs.org.br\/antigo\/?p=113058"},"modified":"2022-12-26T13:12:52","modified_gmt":"2022-12-26T16:12:52","slug":"comercio-exterior-recriacao-de-ministerio-resgata-a-forca-da-industria-para-a-economia-brasileira-afirma-presidente-da-cni","status":"publish","type":"post","link":"https:\/\/acs.org.br\/academy\/comercio-exterior-recriacao-de-ministerio-resgata-a-forca-da-industria-para-a-economia-brasileira-afirma-presidente-da-cni\/","title":{"rendered":"COM\u00c9RCIO EXTERIOR: Recria\u00e7\u00e3o de minist\u00e9rio resgata a for\u00e7a da ind\u00fastria para a economia brasileira, afirma presidente da CNI"},"content":{"rendered":"<p>Fonte: Ag\u00eancia Porto \u00a0\u00a0\u00a0\u00a0<\/p>\n<p>A recria\u00e7\u00e3o do Minist\u00e9rio do Desenvolvimento, Ind\u00fastria e Com\u00e9rcio Exterior (MDIC) e a nomea\u00e7\u00e3o do vice-presidente-eleito, Geraldo Alckmin, para comand\u00e1-lo sinalizam para uma condu\u00e7\u00e3o firme e engajada da pasta pelo fortalecimento do setor produtivo industrial. Esta \u00e9 a avalia\u00e7\u00e3o do presidente da Confedera\u00e7\u00e3o Nacional da Ind\u00fastria (CNI), Robson Braga de Andrade.<\/p>\n<p><a href=\"https:\/\/agenciaporto.com\/noticias\/recriacao-de-ministerio-resgata-a-forca-da-industria-para-a-economia-brasileira-afirma-presidente-da-cni\">LEIA MAIS&#8230;<\/a><\/p>\n","protected":false},"excerpt":{"rendered":"<p>Fonte: Ag\u00eancia Porto \u00a0\u00a0\u00a0\u00a0 A recria\u00e7\u00e3o do Minist\u00e9rio do Desenvolvimento, Ind\u00fastria e Com\u00e9rcio Exterior (MDIC) e a nomea\u00e7\u00e3o do vice-presidente-eleito, Geraldo Alckmin, para comand\u00e1-lo sinalizam para uma condu\u00e7\u00e3o firme e engajada da pasta pelo fortalecimento do setor produtivo industrial. Esta \u00e9 a avalia\u00e7\u00e3o do presidente da Confedera\u00e7\u00e3o Nacional da Ind\u00fastria (CNI), Robson Braga de Andrade. [&hellip;]<\/p>\n","protected":false},"author":66,"featured_media":0,"comment_status":"open","ping_status":"open","sticky":false,"template":"","format":"standard","meta":{"footnotes":""},"categories":[105],"tags":[],"_links":{"self":[{"href":"https:\/\/acs.org.br\/academy\/wp-json\/wp\/v2\/posts\/113058"}],"collection":[{"href":"https:\/\/acs.org.br\/academy\/wp-json\/wp\/v2\/posts"}],"about":[{"href":"https:\/\/acs.org.br\/academy\/wp-json\/wp\/v2\/types\/post"}],"author":[{"embeddable":true,"href":"https:\/\/acs.org.br\/academy\/wp-json\/wp\/v2\/users\/66"}],"replies":[{"embeddable":true,"href":"https:\/\/acs.org.br\/academy\/wp-json\/wp\/v2\/comments?post=113058"}],"version-history":[{"count":1,"href":"https:\/\/acs.org.br\/academy\/wp-json\/wp\/v2\/posts\/113058\/revisions"}],"predecessor-version":[{"id":113068,"href":"https:\/\/acs.org.br\/academy\/wp-json\/wp\/v2\/posts\/113058\/revisions\/113068"}],"wp:attachment":[{"href":"https:\/\/acs.org.br\/academy\/wp-json\/wp\/v2\/media?parent=113058"}],"wp:term":[{"taxonomy":"category","embeddable":true,"href":"https:\/\/acs.org.br\/academy\/wp-json\/wp\/v2\/categories?post=113058"},{"taxonomy":"post_tag","embeddable":true,"href":"https:\/\/acs.org.br\/academy\/wp-json\/wp\/v2\/tags?post=113058"}],"curies":[{"name":"wp","href":"https:\/\/api.w.org\/{rel}","templated":true}]}}