{"id":113055,"date":"2022-12-26T13:12:46","date_gmt":"2022-12-26T16:12:46","guid":{"rendered":"https:\/\/acs.org.br\/antigo\/?p=113055"},"modified":"2022-12-26T13:12:46","modified_gmt":"2022-12-26T16:12:46","slug":"porto-tarcisio-quer-convencer-governo-lula-a-manter-leilao-do-porto-de-santos","status":"publish","type":"post","link":"https:\/\/acs.org.br\/academy\/porto-tarcisio-quer-convencer-governo-lula-a-manter-leilao-do-porto-de-santos\/","title":{"rendered":"PORTO: Tarc\u00edsio quer convencer Governo Lula a manter leil\u00e3o do Porto de Santos"},"content":{"rendered":"<p>Fonte: BE News \u00a0<\/p>\n<p>O governador eleito de S\u00e3o Paulo, Tarc\u00edsio de Freitas, vai propor ao Governo Lula que d\u00ea andamento ao processo de leil\u00e3o do Porto de Santos. Enquanto ministro de Infraestrutura do atual governo, Tarc\u00edsio empenhou esfor\u00e7os para privatizar a Santos Port Authority (SPA), no entanto, o futuro ministro de Porto e Aeroportos, M\u00e1rcio Fran\u00e7a, j\u00e1 descartou a desestatiza\u00e7\u00e3o.<\/p>\n<p><a href=\"https:\/\/acs.org.br\/antigo\/wp-content\/uploads\/2022\/12\/BE-NEWS-PORTO.pdf\">LEIA MAIS&#8230;<\/a><\/p>\n","protected":false},"excerpt":{"rendered":"<p>Fonte: BE News \u00a0 O governador eleito de S\u00e3o Paulo, Tarc\u00edsio de Freitas, vai propor ao Governo Lula que d\u00ea andamento ao processo de leil\u00e3o do Porto de Santos. Enquanto ministro de Infraestrutura do atual governo, Tarc\u00edsio empenhou esfor\u00e7os para privatizar a Santos Port Authority (SPA), no entanto, o futuro ministro de Porto e Aeroportos, [&hellip;]<\/p>\n","protected":false},"author":66,"featured_media":0,"comment_status":"open","ping_status":"open","sticky":false,"template":"","format":"standard","meta":{"footnotes":""},"categories":[105],"tags":[],"_links":{"self":[{"href":"https:\/\/acs.org.br\/academy\/wp-json\/wp\/v2\/posts\/113055"}],"collection":[{"href":"https:\/\/acs.org.br\/academy\/wp-json\/wp\/v2\/posts"}],"about":[{"href":"https:\/\/acs.org.br\/academy\/wp-json\/wp\/v2\/types\/post"}],"author":[{"embeddable":true,"href":"https:\/\/acs.org.br\/academy\/wp-json\/wp\/v2\/users\/66"}],"replies":[{"embeddable":true,"href":"https:\/\/acs.org.br\/academy\/wp-json\/wp\/v2\/comments?post=113055"}],"version-history":[{"count":1,"href":"https:\/\/acs.org.br\/academy\/wp-json\/wp\/v2\/posts\/113055\/revisions"}],"predecessor-version":[{"id":113065,"href":"https:\/\/acs.org.br\/academy\/wp-json\/wp\/v2\/posts\/113055\/revisions\/113065"}],"wp:attachment":[{"href":"https:\/\/acs.org.br\/academy\/wp-json\/wp\/v2\/media?parent=113055"}],"wp:term":[{"taxonomy":"category","embeddable":true,"href":"https:\/\/acs.org.br\/academy\/wp-json\/wp\/v2\/categories?post=113055"},{"taxonomy":"post_tag","embeddable":true,"href":"https:\/\/acs.org.br\/academy\/wp-json\/wp\/v2\/tags?post=113055"}],"curies":[{"name":"wp","href":"https:\/\/api.w.org\/{rel}","templated":true}]}}