{"id":113051,"date":"2022-12-23T10:22:58","date_gmt":"2022-12-23T13:22:58","guid":{"rendered":"https:\/\/acs.org.br\/antigo\/?p=113051"},"modified":"2022-12-23T10:22:58","modified_gmt":"2022-12-23T13:22:58","slug":"atualidades-tarcisio-de-freitas-anuncia-mais-nove-secretarios-do-governo-de-sao-paulo","status":"publish","type":"post","link":"https:\/\/acs.org.br\/academy\/atualidades-tarcisio-de-freitas-anuncia-mais-nove-secretarios-do-governo-de-sao-paulo\/","title":{"rendered":"ATUALIDADES: Tarc\u00edsio de Freitas anuncia mais nove secret\u00e1rios do governo de S\u00e3o Paulo"},"content":{"rendered":"<p>Fonte: Reda\u00e7\u00e3o Cultura \u00a0<\/p>\n<p>Tarc\u00edsio de Freitas (Republicanos), governador eleito de S\u00e3o Paulo, anunciou, na tarde da quarta-feira (21), mais nove nomes de secret\u00e1rios que ir\u00e3o compor o seu governo. O ex-ministro ainda confirmou que sua gest\u00e3o ter\u00e1 23 pastas.<\/p>\n<p><a href=\"https:\/\/cultura.uol.com.br\/noticias\/54529_tarcisio-de-freitas-anuncia-mais-nove-secretarios-do-governo-de-sao-paulo.html\">LEIA MAIS&#8230;<\/a><\/p>\n","protected":false},"excerpt":{"rendered":"<p>Fonte: Reda\u00e7\u00e3o Cultura \u00a0 Tarc\u00edsio de Freitas (Republicanos), governador eleito de S\u00e3o Paulo, anunciou, na tarde da quarta-feira (21), mais nove nomes de secret\u00e1rios que ir\u00e3o compor o seu governo. O ex-ministro ainda confirmou que sua gest\u00e3o ter\u00e1 23 pastas. LEIA MAIS&#8230;<\/p>\n","protected":false},"author":66,"featured_media":0,"comment_status":"open","ping_status":"open","sticky":false,"template":"","format":"standard","meta":{"footnotes":""},"categories":[105],"tags":[],"_links":{"self":[{"href":"https:\/\/acs.org.br\/academy\/wp-json\/wp\/v2\/posts\/113051"}],"collection":[{"href":"https:\/\/acs.org.br\/academy\/wp-json\/wp\/v2\/posts"}],"about":[{"href":"https:\/\/acs.org.br\/academy\/wp-json\/wp\/v2\/types\/post"}],"author":[{"embeddable":true,"href":"https:\/\/acs.org.br\/academy\/wp-json\/wp\/v2\/users\/66"}],"replies":[{"embeddable":true,"href":"https:\/\/acs.org.br\/academy\/wp-json\/wp\/v2\/comments?post=113051"}],"version-history":[{"count":1,"href":"https:\/\/acs.org.br\/academy\/wp-json\/wp\/v2\/posts\/113051\/revisions"}],"predecessor-version":[{"id":113052,"href":"https:\/\/acs.org.br\/academy\/wp-json\/wp\/v2\/posts\/113051\/revisions\/113052"}],"wp:attachment":[{"href":"https:\/\/acs.org.br\/academy\/wp-json\/wp\/v2\/media?parent=113051"}],"wp:term":[{"taxonomy":"category","embeddable":true,"href":"https:\/\/acs.org.br\/academy\/wp-json\/wp\/v2\/categories?post=113051"},{"taxonomy":"post_tag","embeddable":true,"href":"https:\/\/acs.org.br\/academy\/wp-json\/wp\/v2\/tags?post=113051"}],"curies":[{"name":"wp","href":"https:\/\/api.w.org\/{rel}","templated":true}]}}