{"id":113048,"date":"2022-12-23T10:22:24","date_gmt":"2022-12-23T13:22:24","guid":{"rendered":"https:\/\/acs.org.br\/antigo\/?p=113048"},"modified":"2022-12-23T10:22:24","modified_gmt":"2022-12-23T13:22:24","slug":"mundo-preco-do-gas-natural-na-europa-volta-aos-niveis-pre-guerra","status":"publish","type":"post","link":"https:\/\/acs.org.br\/academy\/mundo-preco-do-gas-natural-na-europa-volta-aos-niveis-pre-guerra\/","title":{"rendered":"MUNDO: Pre\u00e7o do g\u00e1s natural na Europa volta aos n\u00edveis pr\u00e9-guerra"},"content":{"rendered":"<p>Fonte: Santaportal<\/p>\n<p>O pre\u00e7o do g\u00e1s natural segue em queda livre ap\u00f3s o acordo da Uni\u00e3o Europeia para impor um teto para a commodity e voltou nesta sexta-feira (23) aos patamares \u00e0 invas\u00e3o da Ucr\u00e2nia pela R\u00fassia.<\/p>\n<p><a href=\"https:\/\/santaportal.com.br\/geral\/preco-do-gas-natural-na-europa-volta-aos-niveis-pre-guerra\/\">LEIA MAIS&#8230;<\/a><\/p>\n","protected":false},"excerpt":{"rendered":"<p>Fonte: Santaportal O pre\u00e7o do g\u00e1s natural segue em queda livre ap\u00f3s o acordo da Uni\u00e3o Europeia para impor um teto para a commodity e voltou nesta sexta-feira (23) aos patamares \u00e0 invas\u00e3o da Ucr\u00e2nia pela R\u00fassia. LEIA MAIS&#8230;<\/p>\n","protected":false},"author":66,"featured_media":0,"comment_status":"open","ping_status":"open","sticky":false,"template":"","format":"standard","meta":{"footnotes":""},"categories":[105],"tags":[],"_links":{"self":[{"href":"https:\/\/acs.org.br\/academy\/wp-json\/wp\/v2\/posts\/113048"}],"collection":[{"href":"https:\/\/acs.org.br\/academy\/wp-json\/wp\/v2\/posts"}],"about":[{"href":"https:\/\/acs.org.br\/academy\/wp-json\/wp\/v2\/types\/post"}],"author":[{"embeddable":true,"href":"https:\/\/acs.org.br\/academy\/wp-json\/wp\/v2\/users\/66"}],"replies":[{"embeddable":true,"href":"https:\/\/acs.org.br\/academy\/wp-json\/wp\/v2\/comments?post=113048"}],"version-history":[{"count":1,"href":"https:\/\/acs.org.br\/academy\/wp-json\/wp\/v2\/posts\/113048\/revisions"}],"predecessor-version":[{"id":113049,"href":"https:\/\/acs.org.br\/academy\/wp-json\/wp\/v2\/posts\/113048\/revisions\/113049"}],"wp:attachment":[{"href":"https:\/\/acs.org.br\/academy\/wp-json\/wp\/v2\/media?parent=113048"}],"wp:term":[{"taxonomy":"category","embeddable":true,"href":"https:\/\/acs.org.br\/academy\/wp-json\/wp\/v2\/categories?post=113048"},{"taxonomy":"post_tag","embeddable":true,"href":"https:\/\/acs.org.br\/academy\/wp-json\/wp\/v2\/tags?post=113048"}],"curies":[{"name":"wp","href":"https:\/\/api.w.org\/{rel}","templated":true}]}}