{"id":113044,"date":"2022-12-23T10:20:58","date_gmt":"2022-12-23T13:20:58","guid":{"rendered":"https:\/\/acs.org.br\/antigo\/?p=113044"},"modified":"2022-12-23T10:20:58","modified_gmt":"2022-12-23T13:20:58","slug":"economia-congresso-aprova-orcamento-com-salario-minimo-de-r1-320-para-2023","status":"publish","type":"post","link":"https:\/\/acs.org.br\/academy\/economia-congresso-aprova-orcamento-com-salario-minimo-de-r1-320-para-2023\/","title":{"rendered":"ECONOMIA: Congresso aprova Or\u00e7amento com sal\u00e1rio m\u00ednimo de R$1.320 para 2023"},"content":{"rendered":"<p>Fonte: Ag\u00eancia Brasil\u00a0\u00a0\u00a0\u00a0\u00a0<\/p>\n<p>Um dia ap\u00f3s a promulga\u00e7\u00e3o da chamada Proposta de Emenda \u00e0 Constitui\u00e7\u00e3o (PEC) da Transi\u00e7\u00e3o, que abriu espa\u00e7o no Or\u00e7amento para despesas por meio da altera\u00e7\u00e3o da regra do teto de gastos, foi aprovado nesta quinta-feira (22) na Comiss\u00e3o Mista de Or\u00e7amento, e em seguida no plen\u00e1rio do Congresso Nacional, o relat\u00f3rio do senador Marcelo Castro (MDB-PI) \u00e0 proposta or\u00e7ament\u00e1ria para 2023.<\/p>\n<p><a href=\"https:\/\/agenciabrasil.ebc.com.br\/politica\/noticia\/2022-12\/congresso-aprova-orcamento-com-salario-minimo-de-r1320-para-2023\">LEIA MAIS&#8230;<\/a><\/p>\n","protected":false},"excerpt":{"rendered":"<p>Fonte: Ag\u00eancia Brasil\u00a0\u00a0\u00a0\u00a0\u00a0 Um dia ap\u00f3s a promulga\u00e7\u00e3o da chamada Proposta de Emenda \u00e0 Constitui\u00e7\u00e3o (PEC) da Transi\u00e7\u00e3o, que abriu espa\u00e7o no Or\u00e7amento para despesas por meio da altera\u00e7\u00e3o da regra do teto de gastos, foi aprovado nesta quinta-feira (22) na Comiss\u00e3o Mista de Or\u00e7amento, e em seguida no plen\u00e1rio do Congresso Nacional, o relat\u00f3rio [&hellip;]<\/p>\n","protected":false},"author":66,"featured_media":0,"comment_status":"open","ping_status":"open","sticky":false,"template":"","format":"standard","meta":{"footnotes":""},"categories":[105],"tags":[],"_links":{"self":[{"href":"https:\/\/acs.org.br\/academy\/wp-json\/wp\/v2\/posts\/113044"}],"collection":[{"href":"https:\/\/acs.org.br\/academy\/wp-json\/wp\/v2\/posts"}],"about":[{"href":"https:\/\/acs.org.br\/academy\/wp-json\/wp\/v2\/types\/post"}],"author":[{"embeddable":true,"href":"https:\/\/acs.org.br\/academy\/wp-json\/wp\/v2\/users\/66"}],"replies":[{"embeddable":true,"href":"https:\/\/acs.org.br\/academy\/wp-json\/wp\/v2\/comments?post=113044"}],"version-history":[{"count":1,"href":"https:\/\/acs.org.br\/academy\/wp-json\/wp\/v2\/posts\/113044\/revisions"}],"predecessor-version":[{"id":113045,"href":"https:\/\/acs.org.br\/academy\/wp-json\/wp\/v2\/posts\/113044\/revisions\/113045"}],"wp:attachment":[{"href":"https:\/\/acs.org.br\/academy\/wp-json\/wp\/v2\/media?parent=113044"}],"wp:term":[{"taxonomy":"category","embeddable":true,"href":"https:\/\/acs.org.br\/academy\/wp-json\/wp\/v2\/categories?post=113044"},{"taxonomy":"post_tag","embeddable":true,"href":"https:\/\/acs.org.br\/academy\/wp-json\/wp\/v2\/tags?post=113044"}],"curies":[{"name":"wp","href":"https:\/\/api.w.org\/{rel}","templated":true}]}}