{"id":113038,"date":"2022-12-23T10:18:55","date_gmt":"2022-12-23T13:18:55","guid":{"rendered":"https:\/\/acs.org.br\/antigo\/?p=113038"},"modified":"2022-12-23T10:18:55","modified_gmt":"2022-12-23T13:18:55","slug":"porto-liderancas-do-setor-portuario-aprovam-indicacao-de-franca-para-ministerio","status":"publish","type":"post","link":"https:\/\/acs.org.br\/academy\/porto-liderancas-do-setor-portuario-aprovam-indicacao-de-franca-para-ministerio\/","title":{"rendered":"PORTO: Lideran\u00e7as do setor portu\u00e1rio aprovam indica\u00e7\u00e3o de Fran\u00e7a para minist\u00e9rio"},"content":{"rendered":"<p>Fonte: BE News\u00a0\u00a0\u00a0\u00a0<\/p>\n<p>O an\u00fancio de M\u00e1rcio Fran\u00e7a (SP) como futuro ministro de Portos e Aeroportos, feito ontem pelo presidente eleito Luiz In\u00e1cio Lula da Silva (PT), repercutiu positivamente entre lideran\u00e7as do setor portu\u00e1rio ouvidas pelo BE News.<\/p>\n<p><a href=\"https:\/\/acs.org.br\/antigo\/wp-content\/uploads\/2022\/12\/repercutiu-positivamente-be-newws.pdf\">LEIA MAIS&#8230;<\/a><\/p>\n","protected":false},"excerpt":{"rendered":"<p>Fonte: BE News\u00a0\u00a0\u00a0\u00a0 O an\u00fancio de M\u00e1rcio Fran\u00e7a (SP) como futuro ministro de Portos e Aeroportos, feito ontem pelo presidente eleito Luiz In\u00e1cio Lula da Silva (PT), repercutiu positivamente entre lideran\u00e7as do setor portu\u00e1rio ouvidas pelo BE News. LEIA MAIS&#8230;<\/p>\n","protected":false},"author":66,"featured_media":0,"comment_status":"open","ping_status":"open","sticky":false,"template":"","format":"standard","meta":{"footnotes":""},"categories":[105],"tags":[],"_links":{"self":[{"href":"https:\/\/acs.org.br\/academy\/wp-json\/wp\/v2\/posts\/113038"}],"collection":[{"href":"https:\/\/acs.org.br\/academy\/wp-json\/wp\/v2\/posts"}],"about":[{"href":"https:\/\/acs.org.br\/academy\/wp-json\/wp\/v2\/types\/post"}],"author":[{"embeddable":true,"href":"https:\/\/acs.org.br\/academy\/wp-json\/wp\/v2\/users\/66"}],"replies":[{"embeddable":true,"href":"https:\/\/acs.org.br\/academy\/wp-json\/wp\/v2\/comments?post=113038"}],"version-history":[{"count":1,"href":"https:\/\/acs.org.br\/academy\/wp-json\/wp\/v2\/posts\/113038\/revisions"}],"predecessor-version":[{"id":113040,"href":"https:\/\/acs.org.br\/academy\/wp-json\/wp\/v2\/posts\/113038\/revisions\/113040"}],"wp:attachment":[{"href":"https:\/\/acs.org.br\/academy\/wp-json\/wp\/v2\/media?parent=113038"}],"wp:term":[{"taxonomy":"category","embeddable":true,"href":"https:\/\/acs.org.br\/academy\/wp-json\/wp\/v2\/categories?post=113038"},{"taxonomy":"post_tag","embeddable":true,"href":"https:\/\/acs.org.br\/academy\/wp-json\/wp\/v2\/tags?post=113038"}],"curies":[{"name":"wp","href":"https:\/\/api.w.org\/{rel}","templated":true}]}}