{"id":113033,"date":"2022-12-23T10:15:58","date_gmt":"2022-12-23T13:15:58","guid":{"rendered":"https:\/\/acs.org.br\/antigo\/?p=113033"},"modified":"2022-12-23T10:17:05","modified_gmt":"2022-12-23T13:17:05","slug":"porto-lula-indica-marcio-franca-para-ministerio-dos-portos","status":"publish","type":"post","link":"https:\/\/acs.org.br\/academy\/porto-lula-indica-marcio-franca-para-ministerio-dos-portos\/","title":{"rendered":"PORTO: Lula indica M\u00e1rcio Fran\u00e7a para Minist\u00e9rio dos Portos"},"content":{"rendered":"<p>Fonte: A Tribuna<\/p>\n<p>M\u00e1rcio Fran\u00e7a ser\u00e1 o ministro dos Portos e Aeroportos do governo de Luiz In\u00e1cio Lula da Silva (PT). O an\u00fancio, foi feito ontem pelo presidente eleito, foi bem recebido pelo setor portu\u00e1rio.<\/p>\n<p><a href=\"https:\/\/acs.org.br\/antigo\/wp-content\/uploads\/2022\/12\/franca-tribuna-portos.pdf\">LEIA MAIS&#8230;<\/a><\/p>\n","protected":false},"excerpt":{"rendered":"<p>Fonte: A Tribuna M\u00e1rcio Fran\u00e7a ser\u00e1 o ministro dos Portos e Aeroportos do governo de Luiz In\u00e1cio Lula da Silva (PT). O an\u00fancio, foi feito ontem pelo presidente eleito, foi bem recebido pelo setor portu\u00e1rio. LEIA MAIS&#8230;<\/p>\n","protected":false},"author":66,"featured_media":0,"comment_status":"open","ping_status":"open","sticky":false,"template":"","format":"standard","meta":{"footnotes":""},"categories":[105],"tags":[],"_links":{"self":[{"href":"https:\/\/acs.org.br\/academy\/wp-json\/wp\/v2\/posts\/113033"}],"collection":[{"href":"https:\/\/acs.org.br\/academy\/wp-json\/wp\/v2\/posts"}],"about":[{"href":"https:\/\/acs.org.br\/academy\/wp-json\/wp\/v2\/types\/post"}],"author":[{"embeddable":true,"href":"https:\/\/acs.org.br\/academy\/wp-json\/wp\/v2\/users\/66"}],"replies":[{"embeddable":true,"href":"https:\/\/acs.org.br\/academy\/wp-json\/wp\/v2\/comments?post=113033"}],"version-history":[{"count":3,"href":"https:\/\/acs.org.br\/academy\/wp-json\/wp\/v2\/posts\/113033\/revisions"}],"predecessor-version":[{"id":113037,"href":"https:\/\/acs.org.br\/academy\/wp-json\/wp\/v2\/posts\/113033\/revisions\/113037"}],"wp:attachment":[{"href":"https:\/\/acs.org.br\/academy\/wp-json\/wp\/v2\/media?parent=113033"}],"wp:term":[{"taxonomy":"category","embeddable":true,"href":"https:\/\/acs.org.br\/academy\/wp-json\/wp\/v2\/categories?post=113033"},{"taxonomy":"post_tag","embeddable":true,"href":"https:\/\/acs.org.br\/academy\/wp-json\/wp\/v2\/tags?post=113033"}],"curies":[{"name":"wp","href":"https:\/\/api.w.org\/{rel}","templated":true}]}}