{"id":113020,"date":"2022-12-22T12:20:46","date_gmt":"2022-12-22T15:20:46","guid":{"rendered":"https:\/\/acs.org.br\/antigo\/?p=113020"},"modified":"2022-12-22T12:20:46","modified_gmt":"2022-12-22T15:20:46","slug":"cafe-producao-global-de-cafe-deve-se-recuperar-em-2022-23-com-safra-do-brasil-diz-usda","status":"publish","type":"post","link":"https:\/\/acs.org.br\/academy\/cafe-producao-global-de-cafe-deve-se-recuperar-em-2022-23-com-safra-do-brasil-diz-usda\/","title":{"rendered":"CAF\u00c9: Produ\u00e7\u00e3o global de caf\u00e9 deve se recuperar em 2022\/23 com safra do Brasil, diz USDA"},"content":{"rendered":"<p>Fonte: Not\u00edcias Agr\u00edcolas\u00a0<\/p>\n<p>A produ\u00e7\u00e3o mundial de caf\u00e9 deve se recuperar em 2022\/23 devido principalmente a uma safra maior no Brasil, levando a um aumento nos estoques globais, disse o Departamento de Agricultura dos Estados Unidos (USDA, na sigla em ingl\u00eas) em um relat\u00f3rio semestral.<\/p>\n<p><a href=\"https:\/\/www.noticiasagricolas.com.br\/noticias\/cafe\/336715-producao-global-de-cafe-deve-se-recuperar-em-2022-23-com-safra-do-brasil-diz-usda.html#.Y6NiFHbMLIU\">LEIA MAIS&#8230;<\/a><\/p>\n","protected":false},"excerpt":{"rendered":"<p>Fonte: Not\u00edcias Agr\u00edcolas\u00a0 A produ\u00e7\u00e3o mundial de caf\u00e9 deve se recuperar em 2022\/23 devido principalmente a uma safra maior no Brasil, levando a um aumento nos estoques globais, disse o Departamento de Agricultura dos Estados Unidos (USDA, na sigla em ingl\u00eas) em um relat\u00f3rio semestral. LEIA MAIS&#8230;<\/p>\n","protected":false},"author":66,"featured_media":0,"comment_status":"open","ping_status":"open","sticky":false,"template":"","format":"standard","meta":{"footnotes":""},"categories":[105],"tags":[],"_links":{"self":[{"href":"https:\/\/acs.org.br\/academy\/wp-json\/wp\/v2\/posts\/113020"}],"collection":[{"href":"https:\/\/acs.org.br\/academy\/wp-json\/wp\/v2\/posts"}],"about":[{"href":"https:\/\/acs.org.br\/academy\/wp-json\/wp\/v2\/types\/post"}],"author":[{"embeddable":true,"href":"https:\/\/acs.org.br\/academy\/wp-json\/wp\/v2\/users\/66"}],"replies":[{"embeddable":true,"href":"https:\/\/acs.org.br\/academy\/wp-json\/wp\/v2\/comments?post=113020"}],"version-history":[{"count":1,"href":"https:\/\/acs.org.br\/academy\/wp-json\/wp\/v2\/posts\/113020\/revisions"}],"predecessor-version":[{"id":113021,"href":"https:\/\/acs.org.br\/academy\/wp-json\/wp\/v2\/posts\/113020\/revisions\/113021"}],"wp:attachment":[{"href":"https:\/\/acs.org.br\/academy\/wp-json\/wp\/v2\/media?parent=113020"}],"wp:term":[{"taxonomy":"category","embeddable":true,"href":"https:\/\/acs.org.br\/academy\/wp-json\/wp\/v2\/categories?post=113020"},{"taxonomy":"post_tag","embeddable":true,"href":"https:\/\/acs.org.br\/academy\/wp-json\/wp\/v2\/tags?post=113020"}],"curies":[{"name":"wp","href":"https:\/\/api.w.org\/{rel}","templated":true}]}}