{"id":113005,"date":"2022-12-22T12:15:41","date_gmt":"2022-12-22T15:15:41","guid":{"rendered":"https:\/\/acs.org.br\/antigo\/?p=113005"},"modified":"2022-12-22T12:15:41","modified_gmt":"2022-12-22T15:15:41","slug":"porto-porto-de-santos-supera-recorde-anual-de-movimentacao-de-cargas-estabelecido-em-2021","status":"publish","type":"post","link":"https:\/\/acs.org.br\/academy\/porto-porto-de-santos-supera-recorde-anual-de-movimentacao-de-cargas-estabelecido-em-2021\/","title":{"rendered":"PORTO: Porto de Santos supera recorde anual de movimenta\u00e7\u00e3o de cargas estabelecido em 2021"},"content":{"rendered":"<p>Fonte: Santaportal\u00a0\u00a0\u00a0\u00a0\u00a0\u00a0<\/p>\n<p>O Porto de Santos superou, j\u00e1 em novembro, a movimenta\u00e7\u00e3o acumulada de cargas em todo o ano passado (147,0 milh\u00f5es de toneladas), somando 150,4 milh\u00f5es de toneladas, um crescimento de 11,5% em rela\u00e7\u00e3o ao per\u00edodo janeiro-novembro do ano passado.<\/p>\n<p><a href=\"https:\/\/santaportal.com.br\/porto-e-negocios\/porto-de-santos-supera-recorde-anual-de-movimentacao-de-cargas-estabelecido-em-2021\/\">LEIA MAIS&#8230;<\/a><\/p>\n","protected":false},"excerpt":{"rendered":"<p>Fonte: Santaportal\u00a0\u00a0\u00a0\u00a0\u00a0\u00a0 O Porto de Santos superou, j\u00e1 em novembro, a movimenta\u00e7\u00e3o acumulada de cargas em todo o ano passado (147,0 milh\u00f5es de toneladas), somando 150,4 milh\u00f5es de toneladas, um crescimento de 11,5% em rela\u00e7\u00e3o ao per\u00edodo janeiro-novembro do ano passado. LEIA MAIS&#8230;<\/p>\n","protected":false},"author":66,"featured_media":0,"comment_status":"open","ping_status":"open","sticky":false,"template":"","format":"standard","meta":{"footnotes":""},"categories":[105],"tags":[],"_links":{"self":[{"href":"https:\/\/acs.org.br\/academy\/wp-json\/wp\/v2\/posts\/113005"}],"collection":[{"href":"https:\/\/acs.org.br\/academy\/wp-json\/wp\/v2\/posts"}],"about":[{"href":"https:\/\/acs.org.br\/academy\/wp-json\/wp\/v2\/types\/post"}],"author":[{"embeddable":true,"href":"https:\/\/acs.org.br\/academy\/wp-json\/wp\/v2\/users\/66"}],"replies":[{"embeddable":true,"href":"https:\/\/acs.org.br\/academy\/wp-json\/wp\/v2\/comments?post=113005"}],"version-history":[{"count":1,"href":"https:\/\/acs.org.br\/academy\/wp-json\/wp\/v2\/posts\/113005\/revisions"}],"predecessor-version":[{"id":113013,"href":"https:\/\/acs.org.br\/academy\/wp-json\/wp\/v2\/posts\/113005\/revisions\/113013"}],"wp:attachment":[{"href":"https:\/\/acs.org.br\/academy\/wp-json\/wp\/v2\/media?parent=113005"}],"wp:term":[{"taxonomy":"category","embeddable":true,"href":"https:\/\/acs.org.br\/academy\/wp-json\/wp\/v2\/categories?post=113005"},{"taxonomy":"post_tag","embeddable":true,"href":"https:\/\/acs.org.br\/academy\/wp-json\/wp\/v2\/tags?post=113005"}],"curies":[{"name":"wp","href":"https:\/\/api.w.org\/{rel}","templated":true}]}}