{"id":112973,"date":"2022-12-21T13:15:51","date_gmt":"2022-12-21T16:15:51","guid":{"rendered":"https:\/\/acs.org.br\/antigo\/?p=112973"},"modified":"2022-12-21T13:18:52","modified_gmt":"2022-12-21T16:18:52","slug":"cafe-cafe-cepea-exportacao-cresce-em-novembro","status":"publish","type":"post","link":"https:\/\/acs.org.br\/academy\/cafe-cafe-cepea-exportacao-cresce-em-novembro\/","title":{"rendered":"CAF\u00c9: Caf\u00e9\/Cepea: Exporta\u00e7\u00e3o cresce em novembro"},"content":{"rendered":"<p>Fonte: Not\u00edcias Agr\u00edcolas\u00a0<\/p>\n<p>As exporta\u00e7\u00f5es de caf\u00e9 subiram de outubro para novembro, mantendo o volume escoado na parcial da safra 2022\/23 (de julho\/22 a novembro\/22) levemente superior ao do mesmo per\u00edodo da temporada anterior.<\/p>\n<p><a href=\"https:\/\/www.noticiasagricolas.com.br\/noticias\/cafe\/336666-cafe-cepea-exportacao-cresce-em-novembro.html#.Y6MqO3bMLIU\">LEIA MAIS&#8230;<\/a><\/p>\n","protected":false},"excerpt":{"rendered":"<p>Fonte: Not\u00edcias Agr\u00edcolas\u00a0 As exporta\u00e7\u00f5es de caf\u00e9 subiram de outubro para novembro, mantendo o volume escoado na parcial da safra 2022\/23 (de julho\/22 a novembro\/22) levemente superior ao do mesmo per\u00edodo da temporada anterior. LEIA MAIS&#8230;<\/p>\n","protected":false},"author":66,"featured_media":0,"comment_status":"open","ping_status":"open","sticky":false,"template":"","format":"standard","meta":{"footnotes":""},"categories":[105],"tags":[],"_links":{"self":[{"href":"https:\/\/acs.org.br\/academy\/wp-json\/wp\/v2\/posts\/112973"}],"collection":[{"href":"https:\/\/acs.org.br\/academy\/wp-json\/wp\/v2\/posts"}],"about":[{"href":"https:\/\/acs.org.br\/academy\/wp-json\/wp\/v2\/types\/post"}],"author":[{"embeddable":true,"href":"https:\/\/acs.org.br\/academy\/wp-json\/wp\/v2\/users\/66"}],"replies":[{"embeddable":true,"href":"https:\/\/acs.org.br\/academy\/wp-json\/wp\/v2\/comments?post=112973"}],"version-history":[{"count":1,"href":"https:\/\/acs.org.br\/academy\/wp-json\/wp\/v2\/posts\/112973\/revisions"}],"predecessor-version":[{"id":112980,"href":"https:\/\/acs.org.br\/academy\/wp-json\/wp\/v2\/posts\/112973\/revisions\/112980"}],"wp:attachment":[{"href":"https:\/\/acs.org.br\/academy\/wp-json\/wp\/v2\/media?parent=112973"}],"wp:term":[{"taxonomy":"category","embeddable":true,"href":"https:\/\/acs.org.br\/academy\/wp-json\/wp\/v2\/categories?post=112973"},{"taxonomy":"post_tag","embeddable":true,"href":"https:\/\/acs.org.br\/academy\/wp-json\/wp\/v2\/tags?post=112973"}],"curies":[{"name":"wp","href":"https:\/\/api.w.org\/{rel}","templated":true}]}}