{"id":112968,"date":"2022-12-21T13:15:49","date_gmt":"2022-12-21T16:15:49","guid":{"rendered":"https:\/\/acs.org.br\/antigo\/?p=112968"},"modified":"2022-12-21T13:18:05","modified_gmt":"2022-12-21T16:18:05","slug":"transportes-cnt-e-favoravel-a-manutencao-do-ministerio-responsavel-pelos-transportes-e-infraestrutura-unificado","status":"publish","type":"post","link":"https:\/\/acs.org.br\/academy\/transportes-cnt-e-favoravel-a-manutencao-do-ministerio-responsavel-pelos-transportes-e-infraestrutura-unificado\/","title":{"rendered":"TRANSPORTES: CNT \u00e9 favor\u00e1vel \u00e0 manuten\u00e7\u00e3o do Minist\u00e9rio respons\u00e1vel pelos Transportes e Infraestrutura unificado"},"content":{"rendered":"<p>Fonte: Ag\u00eancia Porto<\/p>\n<p>A CNT (Confedera\u00e7\u00e3o Nacional do Transporte) considera fundamental a manuten\u00e7\u00e3o da atual estrutura do Minist\u00e9rio da Infraestrutura, antigo Minist\u00e9rio dos Transportes \u2013 de maneira unificada e integrada, com o comando sobre todos os modais do setor. Em of\u00edcio enviado ao vice-presidente da Rep\u00fablica eleito e coordenador do Gabinete de Transi\u00e7\u00e3o, Geraldo Alckmin, nessa quinta-feira (15), o presidente da CNT, Vander Costa, refor\u00e7ou esse posicionamento.<\/p>\n<p><a href=\"https:\/\/agenciaporto.com\/noticias\/cnt-e-favoravel-a-manutencao-do-ministerio-responsavel-pelos-transportes-e-infraestrutura-unificado\">LEIA MAIS&#8230;<\/a><\/p>\n","protected":false},"excerpt":{"rendered":"<p>Fonte: Ag\u00eancia Porto A CNT (Confedera\u00e7\u00e3o Nacional do Transporte) considera fundamental a manuten\u00e7\u00e3o da atual estrutura do Minist\u00e9rio da Infraestrutura, antigo Minist\u00e9rio dos Transportes \u2013 de maneira unificada e integrada, com o comando sobre todos os modais do setor. Em of\u00edcio enviado ao vice-presidente da Rep\u00fablica eleito e coordenador do Gabinete de Transi\u00e7\u00e3o, Geraldo Alckmin, [&hellip;]<\/p>\n","protected":false},"author":66,"featured_media":0,"comment_status":"open","ping_status":"open","sticky":false,"template":"","format":"standard","meta":{"footnotes":""},"categories":[105],"tags":[],"_links":{"self":[{"href":"https:\/\/acs.org.br\/academy\/wp-json\/wp\/v2\/posts\/112968"}],"collection":[{"href":"https:\/\/acs.org.br\/academy\/wp-json\/wp\/v2\/posts"}],"about":[{"href":"https:\/\/acs.org.br\/academy\/wp-json\/wp\/v2\/types\/post"}],"author":[{"embeddable":true,"href":"https:\/\/acs.org.br\/academy\/wp-json\/wp\/v2\/users\/66"}],"replies":[{"embeddable":true,"href":"https:\/\/acs.org.br\/academy\/wp-json\/wp\/v2\/comments?post=112968"}],"version-history":[{"count":1,"href":"https:\/\/acs.org.br\/academy\/wp-json\/wp\/v2\/posts\/112968\/revisions"}],"predecessor-version":[{"id":112979,"href":"https:\/\/acs.org.br\/academy\/wp-json\/wp\/v2\/posts\/112968\/revisions\/112979"}],"wp:attachment":[{"href":"https:\/\/acs.org.br\/academy\/wp-json\/wp\/v2\/media?parent=112968"}],"wp:term":[{"taxonomy":"category","embeddable":true,"href":"https:\/\/acs.org.br\/academy\/wp-json\/wp\/v2\/categories?post=112968"},{"taxonomy":"post_tag","embeddable":true,"href":"https:\/\/acs.org.br\/academy\/wp-json\/wp\/v2\/tags?post=112968"}],"curies":[{"name":"wp","href":"https:\/\/api.w.org\/{rel}","templated":true}]}}