{"id":112966,"date":"2022-12-21T13:15:44","date_gmt":"2022-12-21T16:15:44","guid":{"rendered":"https:\/\/acs.org.br\/antigo\/?p=112966"},"modified":"2022-12-21T13:28:12","modified_gmt":"2022-12-21T16:28:12","slug":"mundo-peru-antecipa-eleicoes-presidencias-para-abril-de-2024","status":"publish","type":"post","link":"https:\/\/acs.org.br\/academy\/mundo-peru-antecipa-eleicoes-presidencias-para-abril-de-2024\/","title":{"rendered":"MUNDO: Peru antecipa elei\u00e7\u00f5es presidenciais para abril de 2024"},"content":{"rendered":"<p>Fonte: Ag\u00eancia Brasil \u00a0\u00a0\u00a0\u00a0\u00a0<\/p>\n<p>O Parlamento Peruano antecipou as elei\u00e7\u00f5es presidenciais para abril de 2024, numa tentativa de colocar um ponto final na agita\u00e7\u00e3o popular desencadeada pela destitui\u00e7\u00e3o do presidente Pedro Castillo.<\/p>\n<p><a href=\"https:\/\/agenciabrasil.ebc.com.br\/internacional\/noticia\/2022-12\/peru-antecipa-eleicoes-presidenciais-para-abril-de-2024\">LEIA MAIS&#8230;<\/a><\/p>\n","protected":false},"excerpt":{"rendered":"<p>Fonte: Ag\u00eancia Brasil \u00a0\u00a0\u00a0\u00a0\u00a0 O Parlamento Peruano antecipou as elei\u00e7\u00f5es presidenciais para abril de 2024, numa tentativa de colocar um ponto final na agita\u00e7\u00e3o popular desencadeada pela destitui\u00e7\u00e3o do presidente Pedro Castillo. LEIA MAIS&#8230;<\/p>\n","protected":false},"author":66,"featured_media":0,"comment_status":"open","ping_status":"open","sticky":false,"template":"","format":"standard","meta":{"footnotes":""},"categories":[105],"tags":[],"_links":{"self":[{"href":"https:\/\/acs.org.br\/academy\/wp-json\/wp\/v2\/posts\/112966"}],"collection":[{"href":"https:\/\/acs.org.br\/academy\/wp-json\/wp\/v2\/posts"}],"about":[{"href":"https:\/\/acs.org.br\/academy\/wp-json\/wp\/v2\/types\/post"}],"author":[{"embeddable":true,"href":"https:\/\/acs.org.br\/academy\/wp-json\/wp\/v2\/users\/66"}],"replies":[{"embeddable":true,"href":"https:\/\/acs.org.br\/academy\/wp-json\/wp\/v2\/comments?post=112966"}],"version-history":[{"count":3,"href":"https:\/\/acs.org.br\/academy\/wp-json\/wp\/v2\/posts\/112966\/revisions"}],"predecessor-version":[{"id":112982,"href":"https:\/\/acs.org.br\/academy\/wp-json\/wp\/v2\/posts\/112966\/revisions\/112982"}],"wp:attachment":[{"href":"https:\/\/acs.org.br\/academy\/wp-json\/wp\/v2\/media?parent=112966"}],"wp:term":[{"taxonomy":"category","embeddable":true,"href":"https:\/\/acs.org.br\/academy\/wp-json\/wp\/v2\/categories?post=112966"},{"taxonomy":"post_tag","embeddable":true,"href":"https:\/\/acs.org.br\/academy\/wp-json\/wp\/v2\/tags?post=112966"}],"curies":[{"name":"wp","href":"https:\/\/api.w.org\/{rel}","templated":true}]}}