{"id":112963,"date":"2022-12-21T13:15:36","date_gmt":"2022-12-21T16:15:36","guid":{"rendered":"https:\/\/acs.org.br\/antigo\/?p=112963"},"modified":"2022-12-21T13:15:36","modified_gmt":"2022-12-21T16:15:36","slug":"porto-novo-governo-tera-como-missao-definir-leiloes-no-porto-de-santos","status":"publish","type":"post","link":"https:\/\/acs.org.br\/academy\/porto-novo-governo-tera-como-missao-definir-leiloes-no-porto-de-santos\/","title":{"rendered":"PORTO: Novo governo ter\u00e1 como miss\u00e3o definir leil\u00f5es no Porto de Santos"},"content":{"rendered":"<p>Fonte: A Tribuna<\/p>\n<p>Os processos de dois arrendamentos de \u00e1reas do Porto de Santos ficar\u00e3o para o pr\u00f3ximo ano. Por\u00e9m, caber\u00e1 ao novo governo a defini\u00e7\u00e3o sobre a realiza\u00e7\u00e3o dos certames. Uma das \u00e1reas tem como foco a movimenta\u00e7\u00e3o de cont\u00eaineres, no cais do Sabo\u00f3, e a outra, de fertilizantes, na regi\u00e3o de Outeirinhos.<\/p>\n<p><a href=\"https:\/\/acs.org.br\/antigo\/wp-content\/uploads\/2022\/12\/leilao-do-porto.pdf\">LEIA MAIS&#8230;<\/a><\/p>\n","protected":false},"excerpt":{"rendered":"<p>Fonte: A Tribuna Os processos de dois arrendamentos de \u00e1reas do Porto de Santos ficar\u00e3o para o pr\u00f3ximo ano. Por\u00e9m, caber\u00e1 ao novo governo a defini\u00e7\u00e3o sobre a realiza\u00e7\u00e3o dos certames. Uma das \u00e1reas tem como foco a movimenta\u00e7\u00e3o de cont\u00eaineres, no cais do Sabo\u00f3, e a outra, de fertilizantes, na regi\u00e3o de Outeirinhos. LEIA [&hellip;]<\/p>\n","protected":false},"author":66,"featured_media":0,"comment_status":"open","ping_status":"open","sticky":false,"template":"","format":"standard","meta":{"footnotes":""},"categories":[105],"tags":[],"_links":{"self":[{"href":"https:\/\/acs.org.br\/academy\/wp-json\/wp\/v2\/posts\/112963"}],"collection":[{"href":"https:\/\/acs.org.br\/academy\/wp-json\/wp\/v2\/posts"}],"about":[{"href":"https:\/\/acs.org.br\/academy\/wp-json\/wp\/v2\/types\/post"}],"author":[{"embeddable":true,"href":"https:\/\/acs.org.br\/academy\/wp-json\/wp\/v2\/users\/66"}],"replies":[{"embeddable":true,"href":"https:\/\/acs.org.br\/academy\/wp-json\/wp\/v2\/comments?post=112963"}],"version-history":[{"count":1,"href":"https:\/\/acs.org.br\/academy\/wp-json\/wp\/v2\/posts\/112963\/revisions"}],"predecessor-version":[{"id":112974,"href":"https:\/\/acs.org.br\/academy\/wp-json\/wp\/v2\/posts\/112963\/revisions\/112974"}],"wp:attachment":[{"href":"https:\/\/acs.org.br\/academy\/wp-json\/wp\/v2\/media?parent=112963"}],"wp:term":[{"taxonomy":"category","embeddable":true,"href":"https:\/\/acs.org.br\/academy\/wp-json\/wp\/v2\/categories?post=112963"},{"taxonomy":"post_tag","embeddable":true,"href":"https:\/\/acs.org.br\/academy\/wp-json\/wp\/v2\/tags?post=112963"}],"curies":[{"name":"wp","href":"https:\/\/api.w.org\/{rel}","templated":true}]}}