{"id":112893,"date":"2022-12-20T09:48:18","date_gmt":"2022-12-20T12:48:18","guid":{"rendered":"https:\/\/acs.org.br\/antigo\/?p=112893"},"modified":"2022-12-20T09:48:18","modified_gmt":"2022-12-20T12:48:18","slug":"cafe-safra-de-cafe-deve-encerrar-o-ciclo-de-2022-com-uma-producao-de-5092-milhoes-de-sacas","status":"publish","type":"post","link":"https:\/\/acs.org.br\/academy\/cafe-safra-de-cafe-deve-encerrar-o-ciclo-de-2022-com-uma-producao-de-5092-milhoes-de-sacas\/","title":{"rendered":"CAF\u00c9: Safra de caf\u00e9 deve encerrar o ciclo de 2022 com uma produ\u00e7\u00e3o de 50,92 milh\u00f5es de sacas"},"content":{"rendered":"<p>Fonte: Informativo dos Portos \u00a0\u00a0<\/p>\n<p>A produ\u00e7\u00e3o cafeeira do Brasil fecha a safra 2022, ano de bienalidade positiva, com um volume de 50,92 milh\u00f5es de sacas de caf\u00e9 beneficiado, 6,7% acima da safra 2021. Comparado com a de 2020, tamb\u00e9m de bienalidade positiva, o \u00edndice registra a redu\u00e7\u00e3o de 19,3% ou 12,1 milh\u00f5es de toneladas, justificada pelas adversidades clim\u00e1ticas, como o d\u00e9ficit h\u00eddrico e geadas durante o ciclo da cultura no pa\u00eds.<\/p>\n<p><a href=\"https:\/\/www.informativodosportos.com.br\/safra-de-cafe-deve-encerrar-o-ciclo-de-2022-com-uma-producao-de-5092-milhoes-de-sacas\/\">LEIA MAIS&#8230;<\/a><\/p>\n","protected":false},"excerpt":{"rendered":"<p>Fonte: Informativo dos Portos \u00a0\u00a0 A produ\u00e7\u00e3o cafeeira do Brasil fecha a safra 2022, ano de bienalidade positiva, com um volume de 50,92 milh\u00f5es de sacas de caf\u00e9 beneficiado, 6,7% acima da safra 2021. Comparado com a de 2020, tamb\u00e9m de bienalidade positiva, o \u00edndice registra a redu\u00e7\u00e3o de 19,3% ou 12,1 milh\u00f5es de toneladas, [&hellip;]<\/p>\n","protected":false},"author":66,"featured_media":0,"comment_status":"open","ping_status":"open","sticky":false,"template":"","format":"standard","meta":{"footnotes":""},"categories":[105],"tags":[],"_links":{"self":[{"href":"https:\/\/acs.org.br\/academy\/wp-json\/wp\/v2\/posts\/112893"}],"collection":[{"href":"https:\/\/acs.org.br\/academy\/wp-json\/wp\/v2\/posts"}],"about":[{"href":"https:\/\/acs.org.br\/academy\/wp-json\/wp\/v2\/types\/post"}],"author":[{"embeddable":true,"href":"https:\/\/acs.org.br\/academy\/wp-json\/wp\/v2\/users\/66"}],"replies":[{"embeddable":true,"href":"https:\/\/acs.org.br\/academy\/wp-json\/wp\/v2\/comments?post=112893"}],"version-history":[{"count":1,"href":"https:\/\/acs.org.br\/academy\/wp-json\/wp\/v2\/posts\/112893\/revisions"}],"predecessor-version":[{"id":112901,"href":"https:\/\/acs.org.br\/academy\/wp-json\/wp\/v2\/posts\/112893\/revisions\/112901"}],"wp:attachment":[{"href":"https:\/\/acs.org.br\/academy\/wp-json\/wp\/v2\/media?parent=112893"}],"wp:term":[{"taxonomy":"category","embeddable":true,"href":"https:\/\/acs.org.br\/academy\/wp-json\/wp\/v2\/categories?post=112893"},{"taxonomy":"post_tag","embeddable":true,"href":"https:\/\/acs.org.br\/academy\/wp-json\/wp\/v2\/tags?post=112893"}],"curies":[{"name":"wp","href":"https:\/\/api.w.org\/{rel}","templated":true}]}}