{"id":112888,"date":"2022-12-20T09:48:14","date_gmt":"2022-12-20T12:48:14","guid":{"rendered":"https:\/\/acs.org.br\/antigo\/?p=112888"},"modified":"2022-12-20T09:48:14","modified_gmt":"2022-12-20T12:48:14","slug":"mundo-o-historico-acordo-internacional-para-proteger-parcela-do-planeta-para-a-natureza","status":"publish","type":"post","link":"https:\/\/acs.org.br\/academy\/mundo-o-historico-acordo-internacional-para-proteger-parcela-do-planeta-para-a-natureza\/","title":{"rendered":"MUNDO: O &#8216;hist\u00f3rico&#8217; acordo internacional para proteger parcela do planeta para a natureza"},"content":{"rendered":"<p>Fonte: BBC Portuguese<\/p>\n<p>O acordo \u2014 fechado na COP15, confer\u00eancia da Organiza\u00e7\u00e3o das Na\u00e7\u00f5es Unidas (ONU) sobre a biodiversidade realizada entre 7 e 19 de dezembro \u2014 tamb\u00e9m prev\u00ea metas para proteger ecossistemas vitais, como florestas tropicais, e os direitos dos povos ind\u00edgenas.<\/p>\n<p><a href=\"https:\/\/www.bbc.com\/portuguese\/internacional-64025985\">LEIA MAIS&#8230;<\/a><\/p>\n","protected":false},"excerpt":{"rendered":"<p>Fonte: BBC Portuguese O acordo \u2014 fechado na COP15, confer\u00eancia da Organiza\u00e7\u00e3o das Na\u00e7\u00f5es Unidas (ONU) sobre a biodiversidade realizada entre 7 e 19 de dezembro \u2014 tamb\u00e9m prev\u00ea metas para proteger ecossistemas vitais, como florestas tropicais, e os direitos dos povos ind\u00edgenas. LEIA MAIS&#8230;<\/p>\n","protected":false},"author":66,"featured_media":0,"comment_status":"open","ping_status":"open","sticky":false,"template":"","format":"standard","meta":{"footnotes":""},"categories":[105],"tags":[],"_links":{"self":[{"href":"https:\/\/acs.org.br\/academy\/wp-json\/wp\/v2\/posts\/112888"}],"collection":[{"href":"https:\/\/acs.org.br\/academy\/wp-json\/wp\/v2\/posts"}],"about":[{"href":"https:\/\/acs.org.br\/academy\/wp-json\/wp\/v2\/types\/post"}],"author":[{"embeddable":true,"href":"https:\/\/acs.org.br\/academy\/wp-json\/wp\/v2\/users\/66"}],"replies":[{"embeddable":true,"href":"https:\/\/acs.org.br\/academy\/wp-json\/wp\/v2\/comments?post=112888"}],"version-history":[{"count":1,"href":"https:\/\/acs.org.br\/academy\/wp-json\/wp\/v2\/posts\/112888\/revisions"}],"predecessor-version":[{"id":112898,"href":"https:\/\/acs.org.br\/academy\/wp-json\/wp\/v2\/posts\/112888\/revisions\/112898"}],"wp:attachment":[{"href":"https:\/\/acs.org.br\/academy\/wp-json\/wp\/v2\/media?parent=112888"}],"wp:term":[{"taxonomy":"category","embeddable":true,"href":"https:\/\/acs.org.br\/academy\/wp-json\/wp\/v2\/categories?post=112888"},{"taxonomy":"post_tag","embeddable":true,"href":"https:\/\/acs.org.br\/academy\/wp-json\/wp\/v2\/tags?post=112888"}],"curies":[{"name":"wp","href":"https:\/\/api.w.org\/{rel}","templated":true}]}}