{"id":112887,"date":"2022-12-20T09:15:36","date_gmt":"2022-12-20T12:15:36","guid":{"rendered":"https:\/\/acs.org.br\/antigo\/?p=112887"},"modified":"2022-12-20T09:48:15","modified_gmt":"2022-12-20T12:48:15","slug":"economia-tarcisio-anuncia-ex-assessor-de-guedes-como-secretario-de-desenvolvimento-economico","status":"publish","type":"post","link":"https:\/\/acs.org.br\/academy\/economia-tarcisio-anuncia-ex-assessor-de-guedes-como-secretario-de-desenvolvimento-economico\/","title":{"rendered":"ECONOMIA: Tarc\u00edsio anuncia ex-assessor de Guedes como secret\u00e1rio de Desenvolvimento Econ\u00f4mico"},"content":{"rendered":"<p>Fonte: BE News \u00a0\u00a0\u00a0\u00a0\u00a0<\/p>\n<p>O governador eleito de S\u00e3o Paulo, Tarc\u00edsio Gomes de Freitas (Republicanos), anunciou o ex-assessor especial do Minist\u00e9rio da Economia Jorge Luiz Lima como futuro secret\u00e1rio de Desenvolvimento Econ\u00f4mico de S\u00e3o Paulo. Trabalhando ao lado do ministro Paulo Guedes nos \u00faltimos anos, ele coordenou o projeto do Governo Federal para reduzir o Custo Brasil e foi secret\u00e1rio nacional de Desenvolvimento da Ind\u00fastria, Com\u00e9rcio, Servi\u00e7os e Inova\u00e7\u00e3o.<\/p>\n<p><a href=\"https:\/\/portalbenews.com.br\/editoria\/brasil-export\/tarcisio-anuncia-ex-assessor-de-guedes-como-secretario-de-desenvolvimento-economico\/\">LEIA MAIS&#8230;<\/a><\/p>\n<p>&nbsp;<\/p>\n","protected":false},"excerpt":{"rendered":"<p>Fonte: BE News \u00a0\u00a0\u00a0\u00a0\u00a0 O governador eleito de S\u00e3o Paulo, Tarc\u00edsio Gomes de Freitas (Republicanos), anunciou o ex-assessor especial do Minist\u00e9rio da Economia Jorge Luiz Lima como futuro secret\u00e1rio de Desenvolvimento Econ\u00f4mico de S\u00e3o Paulo. Trabalhando ao lado do ministro Paulo Guedes nos \u00faltimos anos, ele coordenou o projeto do Governo Federal para reduzir o [&hellip;]<\/p>\n","protected":false},"author":66,"featured_media":0,"comment_status":"open","ping_status":"open","sticky":false,"template":"","format":"standard","meta":{"footnotes":""},"categories":[105],"tags":[],"_links":{"self":[{"href":"https:\/\/acs.org.br\/academy\/wp-json\/wp\/v2\/posts\/112887"}],"collection":[{"href":"https:\/\/acs.org.br\/academy\/wp-json\/wp\/v2\/posts"}],"about":[{"href":"https:\/\/acs.org.br\/academy\/wp-json\/wp\/v2\/types\/post"}],"author":[{"embeddable":true,"href":"https:\/\/acs.org.br\/academy\/wp-json\/wp\/v2\/users\/66"}],"replies":[{"embeddable":true,"href":"https:\/\/acs.org.br\/academy\/wp-json\/wp\/v2\/comments?post=112887"}],"version-history":[{"count":1,"href":"https:\/\/acs.org.br\/academy\/wp-json\/wp\/v2\/posts\/112887\/revisions"}],"predecessor-version":[{"id":112899,"href":"https:\/\/acs.org.br\/academy\/wp-json\/wp\/v2\/posts\/112887\/revisions\/112899"}],"wp:attachment":[{"href":"https:\/\/acs.org.br\/academy\/wp-json\/wp\/v2\/media?parent=112887"}],"wp:term":[{"taxonomy":"category","embeddable":true,"href":"https:\/\/acs.org.br\/academy\/wp-json\/wp\/v2\/categories?post=112887"},{"taxonomy":"post_tag","embeddable":true,"href":"https:\/\/acs.org.br\/academy\/wp-json\/wp\/v2\/tags?post=112887"}],"curies":[{"name":"wp","href":"https:\/\/api.w.org\/{rel}","templated":true}]}}