{"id":112886,"date":"2022-12-20T09:48:09","date_gmt":"2022-12-20T12:48:09","guid":{"rendered":"https:\/\/acs.org.br\/antigo\/?p=112886"},"modified":"2022-12-20T09:48:09","modified_gmt":"2022-12-20T12:48:09","slug":"atualidades-santos-deve-receber-mais-de-22-milhoes-de-turistas-na-temporada","status":"publish","type":"post","link":"https:\/\/acs.org.br\/academy\/atualidades-santos-deve-receber-mais-de-22-milhoes-de-turistas-na-temporada\/","title":{"rendered":"ATUALIDADES: Santos deve receber mais de 2,2 milh\u00f5es de turistas na temporada"},"content":{"rendered":"<p>Fonte: Santaportal \u00a0\u00a0\u00a0\u00a0\u00a0<\/p>\n<p>O ver\u00e3o come\u00e7a oficialmente na pr\u00f3xima quarta-feira (21). A temporada da esta\u00e7\u00e3o mais quente do ano promete ser a mais movimentada dos \u00faltimos tempos em Santos.<\/p>\n<p><a href=\"https:\/\/santaportal.com.br\/baixada\/santos-receber-22-milhoes-turistas-temporada\/\">LEIA MAIS&#8230;<\/a><\/p>\n","protected":false},"excerpt":{"rendered":"<p>Fonte: Santaportal \u00a0\u00a0\u00a0\u00a0\u00a0 O ver\u00e3o come\u00e7a oficialmente na pr\u00f3xima quarta-feira (21). A temporada da esta\u00e7\u00e3o mais quente do ano promete ser a mais movimentada dos \u00faltimos tempos em Santos. LEIA MAIS&#8230;<\/p>\n","protected":false},"author":66,"featured_media":0,"comment_status":"open","ping_status":"open","sticky":false,"template":"","format":"standard","meta":{"footnotes":""},"categories":[105],"tags":[],"_links":{"self":[{"href":"https:\/\/acs.org.br\/academy\/wp-json\/wp\/v2\/posts\/112886"}],"collection":[{"href":"https:\/\/acs.org.br\/academy\/wp-json\/wp\/v2\/posts"}],"about":[{"href":"https:\/\/acs.org.br\/academy\/wp-json\/wp\/v2\/types\/post"}],"author":[{"embeddable":true,"href":"https:\/\/acs.org.br\/academy\/wp-json\/wp\/v2\/users\/66"}],"replies":[{"embeddable":true,"href":"https:\/\/acs.org.br\/academy\/wp-json\/wp\/v2\/comments?post=112886"}],"version-history":[{"count":1,"href":"https:\/\/acs.org.br\/academy\/wp-json\/wp\/v2\/posts\/112886\/revisions"}],"predecessor-version":[{"id":112897,"href":"https:\/\/acs.org.br\/academy\/wp-json\/wp\/v2\/posts\/112886\/revisions\/112897"}],"wp:attachment":[{"href":"https:\/\/acs.org.br\/academy\/wp-json\/wp\/v2\/media?parent=112886"}],"wp:term":[{"taxonomy":"category","embeddable":true,"href":"https:\/\/acs.org.br\/academy\/wp-json\/wp\/v2\/categories?post=112886"},{"taxonomy":"post_tag","embeddable":true,"href":"https:\/\/acs.org.br\/academy\/wp-json\/wp\/v2\/tags?post=112886"}],"curies":[{"name":"wp","href":"https:\/\/api.w.org\/{rel}","templated":true}]}}