{"id":112885,"date":"2022-12-20T09:47:53","date_gmt":"2022-12-20T12:47:53","guid":{"rendered":"https:\/\/acs.org.br\/antigo\/?p=112885"},"modified":"2022-12-20T09:47:53","modified_gmt":"2022-12-20T12:47:53","slug":"economia-mercado-financeiro-reduz-projecao-da-inflacao-de-579-para-576","status":"publish","type":"post","link":"https:\/\/acs.org.br\/academy\/economia-mercado-financeiro-reduz-projecao-da-inflacao-de-579-para-576\/","title":{"rendered":"ECONOMIA: Mercado financeiro reduz proje\u00e7\u00e3o da infla\u00e7\u00e3o de 5,79% para 5,76%"},"content":{"rendered":"<p>Fonte: Ag\u00eancia Brasil \u00a0\u00a0\u00a0\u00a0\u00a0\u00a0\u00a0\u00a0<\/p>\n<p>A previs\u00e3o do mercado financeiro para o \u00cdndice Nacional de Pre\u00e7os ao Consumidor Amplo (IPCA), considerada a infla\u00e7\u00e3o oficial do pa\u00eds, caiu de 5,79% para 5,76% para este ano. A estimativa consta do Boletim Focus de hoje (19), pesquisa divulgada semanalmente pelo Banco Central (BC) com a expectativa de institui\u00e7\u00f5es financeiras para os principais indicadores econ\u00f4micos.<\/p>\n<p><a href=\"https:\/\/agenciabrasil.ebc.com.br\/economia\/noticia\/2022-12\/mercado-financeiro-reduz-projecao-da-inflacao-de-579-para-576\">LEIA MAIS&#8230;<\/a><\/p>\n","protected":false},"excerpt":{"rendered":"<p>Fonte: Ag\u00eancia Brasil \u00a0\u00a0\u00a0\u00a0\u00a0\u00a0\u00a0\u00a0 A previs\u00e3o do mercado financeiro para o \u00cdndice Nacional de Pre\u00e7os ao Consumidor Amplo (IPCA), considerada a infla\u00e7\u00e3o oficial do pa\u00eds, caiu de 5,79% para 5,76% para este ano. A estimativa consta do Boletim Focus de hoje (19), pesquisa divulgada semanalmente pelo Banco Central (BC) com a expectativa de institui\u00e7\u00f5es financeiras [&hellip;]<\/p>\n","protected":false},"author":66,"featured_media":0,"comment_status":"open","ping_status":"open","sticky":false,"template":"","format":"standard","meta":{"footnotes":""},"categories":[105],"tags":[],"_links":{"self":[{"href":"https:\/\/acs.org.br\/academy\/wp-json\/wp\/v2\/posts\/112885"}],"collection":[{"href":"https:\/\/acs.org.br\/academy\/wp-json\/wp\/v2\/posts"}],"about":[{"href":"https:\/\/acs.org.br\/academy\/wp-json\/wp\/v2\/types\/post"}],"author":[{"embeddable":true,"href":"https:\/\/acs.org.br\/academy\/wp-json\/wp\/v2\/users\/66"}],"replies":[{"embeddable":true,"href":"https:\/\/acs.org.br\/academy\/wp-json\/wp\/v2\/comments?post=112885"}],"version-history":[{"count":1,"href":"https:\/\/acs.org.br\/academy\/wp-json\/wp\/v2\/posts\/112885\/revisions"}],"predecessor-version":[{"id":112896,"href":"https:\/\/acs.org.br\/academy\/wp-json\/wp\/v2\/posts\/112885\/revisions\/112896"}],"wp:attachment":[{"href":"https:\/\/acs.org.br\/academy\/wp-json\/wp\/v2\/media?parent=112885"}],"wp:term":[{"taxonomy":"category","embeddable":true,"href":"https:\/\/acs.org.br\/academy\/wp-json\/wp\/v2\/categories?post=112885"},{"taxonomy":"post_tag","embeddable":true,"href":"https:\/\/acs.org.br\/academy\/wp-json\/wp\/v2\/tags?post=112885"}],"curies":[{"name":"wp","href":"https:\/\/api.w.org\/{rel}","templated":true}]}}