{"id":112883,"date":"2022-12-20T09:47:50","date_gmt":"2022-12-20T12:47:50","guid":{"rendered":"https:\/\/acs.org.br\/antigo\/?p=112883"},"modified":"2022-12-20T09:47:50","modified_gmt":"2022-12-20T12:47:50","slug":"porto-setor-portuario-registra-crescimento-de-86-em-outubro","status":"publish","type":"post","link":"https:\/\/acs.org.br\/academy\/porto-setor-portuario-registra-crescimento-de-86-em-outubro\/","title":{"rendered":"PORTO: Setor portu\u00e1rio registra crescimento de 8,6% em outubro"},"content":{"rendered":"<p>Fonte: Ag\u00eancia Porto \u00a0\u00a0\u00a0\u00a0\u00a0\u00a0<\/p>\n<p>A movimenta\u00e7\u00e3o portu\u00e1ria nacional registrou crescimento de 8,6% no m\u00eas de outubro deste ano, em compara\u00e7\u00e3o ao mesmo m\u00eas de 2021. Foram 105,2 milh\u00f5es de toneladas movimentadas com destaque para os portos p\u00fablicos, que registraram alta de 18,3%. Os terminais privados tamb\u00e9m contribu\u00edram com o resultado positivo (+4%).<\/p>\n<p><a href=\"https:\/\/agenciaporto.com\/noticias\/setor-portuario-registra-crescimento-de-86-em-outubro\">LEIA MAIS&#8230;<\/a><\/p>\n","protected":false},"excerpt":{"rendered":"<p>Fonte: Ag\u00eancia Porto \u00a0\u00a0\u00a0\u00a0\u00a0\u00a0 A movimenta\u00e7\u00e3o portu\u00e1ria nacional registrou crescimento de 8,6% no m\u00eas de outubro deste ano, em compara\u00e7\u00e3o ao mesmo m\u00eas de 2021. Foram 105,2 milh\u00f5es de toneladas movimentadas com destaque para os portos p\u00fablicos, que registraram alta de 18,3%. Os terminais privados tamb\u00e9m contribu\u00edram com o resultado positivo (+4%). LEIA MAIS&#8230;<\/p>\n","protected":false},"author":66,"featured_media":0,"comment_status":"open","ping_status":"open","sticky":false,"template":"","format":"standard","meta":{"footnotes":""},"categories":[105],"tags":[],"_links":{"self":[{"href":"https:\/\/acs.org.br\/academy\/wp-json\/wp\/v2\/posts\/112883"}],"collection":[{"href":"https:\/\/acs.org.br\/academy\/wp-json\/wp\/v2\/posts"}],"about":[{"href":"https:\/\/acs.org.br\/academy\/wp-json\/wp\/v2\/types\/post"}],"author":[{"embeddable":true,"href":"https:\/\/acs.org.br\/academy\/wp-json\/wp\/v2\/users\/66"}],"replies":[{"embeddable":true,"href":"https:\/\/acs.org.br\/academy\/wp-json\/wp\/v2\/comments?post=112883"}],"version-history":[{"count":1,"href":"https:\/\/acs.org.br\/academy\/wp-json\/wp\/v2\/posts\/112883\/revisions"}],"predecessor-version":[{"id":112895,"href":"https:\/\/acs.org.br\/academy\/wp-json\/wp\/v2\/posts\/112883\/revisions\/112895"}],"wp:attachment":[{"href":"https:\/\/acs.org.br\/academy\/wp-json\/wp\/v2\/media?parent=112883"}],"wp:term":[{"taxonomy":"category","embeddable":true,"href":"https:\/\/acs.org.br\/academy\/wp-json\/wp\/v2\/categories?post=112883"},{"taxonomy":"post_tag","embeddable":true,"href":"https:\/\/acs.org.br\/academy\/wp-json\/wp\/v2\/tags?post=112883"}],"curies":[{"name":"wp","href":"https:\/\/api.w.org\/{rel}","templated":true}]}}