{"id":112848,"date":"2022-12-19T13:27:57","date_gmt":"2022-12-19T16:27:57","guid":{"rendered":"https:\/\/acs.org.br\/antigo\/?p=112848"},"modified":"2022-12-19T13:27:57","modified_gmt":"2022-12-19T16:27:57","slug":"cafe-cafe-tem-precos-em-diferentes-direcoes-neste-inicio-de-tarde-analista-classifica-momento-como-indefinido","status":"publish","type":"post","link":"https:\/\/acs.org.br\/academy\/cafe-cafe-tem-precos-em-diferentes-direcoes-neste-inicio-de-tarde-analista-classifica-momento-como-indefinido\/","title":{"rendered":"CAF\u00c9: Caf\u00e9 tem pre\u00e7os em diferentes dire\u00e7\u00f5es neste in\u00edcio de tarde; analista classifica momento como &#8220;indefinido&#8221;"},"content":{"rendered":"<p>Fonte: Not\u00edcias Agr\u00edcolas \u00a0\u00a0\u00a0<\/p>\n<p>Ap\u00f3s registrar altas no in\u00edcio da manh\u00e3 desta segunda-feira (19), mercado do caf\u00e9 registrava cota\u00e7\u00f5es mistas tanto para o ar\u00e1bica na Bolsa de Nova York (ICE Future US) quanto para o conilon na Bolsa de Londres.<\/p>\n<p><a href=\"https:\/\/www.noticiasagricolas.com.br\/noticias\/cafe\/336519-cafe-tem-precos-em-diferentes-direcoes-neste-inicio-de-tarde-analista-classifica-momento-como-indefinido.html#.Y6CJB3bMLIU\">LEIA MAIS&#8230;<\/a><\/p>\n","protected":false},"excerpt":{"rendered":"<p>Fonte: Not\u00edcias Agr\u00edcolas \u00a0\u00a0\u00a0 Ap\u00f3s registrar altas no in\u00edcio da manh\u00e3 desta segunda-feira (19), mercado do caf\u00e9 registrava cota\u00e7\u00f5es mistas tanto para o ar\u00e1bica na Bolsa de Nova York (ICE Future US) quanto para o conilon na Bolsa de Londres. LEIA MAIS&#8230;<\/p>\n","protected":false},"author":66,"featured_media":0,"comment_status":"open","ping_status":"open","sticky":false,"template":"","format":"standard","meta":{"footnotes":""},"categories":[105],"tags":[],"_links":{"self":[{"href":"https:\/\/acs.org.br\/academy\/wp-json\/wp\/v2\/posts\/112848"}],"collection":[{"href":"https:\/\/acs.org.br\/academy\/wp-json\/wp\/v2\/posts"}],"about":[{"href":"https:\/\/acs.org.br\/academy\/wp-json\/wp\/v2\/types\/post"}],"author":[{"embeddable":true,"href":"https:\/\/acs.org.br\/academy\/wp-json\/wp\/v2\/users\/66"}],"replies":[{"embeddable":true,"href":"https:\/\/acs.org.br\/academy\/wp-json\/wp\/v2\/comments?post=112848"}],"version-history":[{"count":1,"href":"https:\/\/acs.org.br\/academy\/wp-json\/wp\/v2\/posts\/112848\/revisions"}],"predecessor-version":[{"id":112859,"href":"https:\/\/acs.org.br\/academy\/wp-json\/wp\/v2\/posts\/112848\/revisions\/112859"}],"wp:attachment":[{"href":"https:\/\/acs.org.br\/academy\/wp-json\/wp\/v2\/media?parent=112848"}],"wp:term":[{"taxonomy":"category","embeddable":true,"href":"https:\/\/acs.org.br\/academy\/wp-json\/wp\/v2\/categories?post=112848"},{"taxonomy":"post_tag","embeddable":true,"href":"https:\/\/acs.org.br\/academy\/wp-json\/wp\/v2\/tags?post=112848"}],"curies":[{"name":"wp","href":"https:\/\/api.w.org\/{rel}","templated":true}]}}