{"id":112843,"date":"2022-12-19T13:24:54","date_gmt":"2022-12-19T16:24:54","guid":{"rendered":"https:\/\/acs.org.br\/antigo\/?p=112843"},"modified":"2022-12-19T13:24:54","modified_gmt":"2022-12-19T16:24:54","slug":"economia-camara-dos-deputados-votara-pec-de-transicao-amanha","status":"publish","type":"post","link":"https:\/\/acs.org.br\/academy\/economia-camara-dos-deputados-votara-pec-de-transicao-amanha\/","title":{"rendered":"ECONOMIA: C\u00e2mara dos deputados votar\u00e1 PEC de Transi\u00e7\u00e3o amanh\u00e3"},"content":{"rendered":"<p>Fonte: BE News \u00a0\u00a0\u00a0\u00a0\u00a0\u00a0\u00a0<\/p>\n<p>A Proposta de Emenda \u00e0 Constitui\u00e7\u00e3o (PEC) da Transi\u00e7\u00e3o 32\/2022 ter\u00e1 sua vota\u00e7\u00e3o iniciada na C\u00e2mara dos Deputados amanh\u00e3 (20). O an\u00fancio foi feito pelo presidente da Casa, deputado Arthur Lira (PP-AL), na \u00faltima quinta-feira (15).<\/p>\n<p><a href=\"https:\/\/acs.org.br\/antigo\/wp-content\/uploads\/2022\/12\/PEC-DE-TRANSICAO-BE-NEWS.pdf\">LEIA MAIS&#8230;<\/a><\/p>\n","protected":false},"excerpt":{"rendered":"<p>Fonte: BE News \u00a0\u00a0\u00a0\u00a0\u00a0\u00a0\u00a0 A Proposta de Emenda \u00e0 Constitui\u00e7\u00e3o (PEC) da Transi\u00e7\u00e3o 32\/2022 ter\u00e1 sua vota\u00e7\u00e3o iniciada na C\u00e2mara dos Deputados amanh\u00e3 (20). O an\u00fancio foi feito pelo presidente da Casa, deputado Arthur Lira (PP-AL), na \u00faltima quinta-feira (15). LEIA MAIS&#8230;<\/p>\n","protected":false},"author":66,"featured_media":0,"comment_status":"open","ping_status":"open","sticky":false,"template":"","format":"standard","meta":{"footnotes":""},"categories":[105],"tags":[],"_links":{"self":[{"href":"https:\/\/acs.org.br\/academy\/wp-json\/wp\/v2\/posts\/112843"}],"collection":[{"href":"https:\/\/acs.org.br\/academy\/wp-json\/wp\/v2\/posts"}],"about":[{"href":"https:\/\/acs.org.br\/academy\/wp-json\/wp\/v2\/types\/post"}],"author":[{"embeddable":true,"href":"https:\/\/acs.org.br\/academy\/wp-json\/wp\/v2\/users\/66"}],"replies":[{"embeddable":true,"href":"https:\/\/acs.org.br\/academy\/wp-json\/wp\/v2\/comments?post=112843"}],"version-history":[{"count":1,"href":"https:\/\/acs.org.br\/academy\/wp-json\/wp\/v2\/posts\/112843\/revisions"}],"predecessor-version":[{"id":112852,"href":"https:\/\/acs.org.br\/academy\/wp-json\/wp\/v2\/posts\/112843\/revisions\/112852"}],"wp:attachment":[{"href":"https:\/\/acs.org.br\/academy\/wp-json\/wp\/v2\/media?parent=112843"}],"wp:term":[{"taxonomy":"category","embeddable":true,"href":"https:\/\/acs.org.br\/academy\/wp-json\/wp\/v2\/categories?post=112843"},{"taxonomy":"post_tag","embeddable":true,"href":"https:\/\/acs.org.br\/academy\/wp-json\/wp\/v2\/tags?post=112843"}],"curies":[{"name":"wp","href":"https:\/\/api.w.org\/{rel}","templated":true}]}}