{"id":112842,"date":"2022-12-19T13:21:54","date_gmt":"2022-12-19T16:21:54","guid":{"rendered":"https:\/\/acs.org.br\/antigo\/?p=112842"},"modified":"2022-12-19T13:21:54","modified_gmt":"2022-12-19T16:21:54","slug":"porto-mais-um-navio-de-passageiros-estreia-no-porto-de-santos","status":"publish","type":"post","link":"https:\/\/acs.org.br\/academy\/porto-mais-um-navio-de-passageiros-estreia-no-porto-de-santos\/","title":{"rendered":"PORTO: Mais um navio de passageiros estreia no Porto de Santos"},"content":{"rendered":"<p>Fonte: Ag\u00eancia Porto \u00a0<\/p>\n<p>Mais um gigante dos mares fez a sua estreia no Porto de Santos, na manh\u00e3 desta sexta-feira (16). A chegada do Costa Firenze, uma das 16 embarca\u00e7\u00f5es que passar\u00e3o pelo Terminal Mar\u00edtimo Giusfredo Santini nesta temporada, foi marcada pela tradicional cerim\u00f4nia a bordo de troca de placas.<\/p>\n<p><a href=\"https:\/\/agenciaporto.com\/noticias\/mais-um-navio-de-passageiros-estreia-no-porto-de-santos\">LEIA MAIS&#8230;<\/a><\/p>\n","protected":false},"excerpt":{"rendered":"<p>Fonte: Ag\u00eancia Porto \u00a0 Mais um gigante dos mares fez a sua estreia no Porto de Santos, na manh\u00e3 desta sexta-feira (16). A chegada do Costa Firenze, uma das 16 embarca\u00e7\u00f5es que passar\u00e3o pelo Terminal Mar\u00edtimo Giusfredo Santini nesta temporada, foi marcada pela tradicional cerim\u00f4nia a bordo de troca de placas. LEIA MAIS&#8230;<\/p>\n","protected":false},"author":66,"featured_media":0,"comment_status":"open","ping_status":"open","sticky":false,"template":"","format":"standard","meta":{"footnotes":""},"categories":[105],"tags":[],"_links":{"self":[{"href":"https:\/\/acs.org.br\/academy\/wp-json\/wp\/v2\/posts\/112842"}],"collection":[{"href":"https:\/\/acs.org.br\/academy\/wp-json\/wp\/v2\/posts"}],"about":[{"href":"https:\/\/acs.org.br\/academy\/wp-json\/wp\/v2\/types\/post"}],"author":[{"embeddable":true,"href":"https:\/\/acs.org.br\/academy\/wp-json\/wp\/v2\/users\/66"}],"replies":[{"embeddable":true,"href":"https:\/\/acs.org.br\/academy\/wp-json\/wp\/v2\/comments?post=112842"}],"version-history":[{"count":1,"href":"https:\/\/acs.org.br\/academy\/wp-json\/wp\/v2\/posts\/112842\/revisions"}],"predecessor-version":[{"id":112849,"href":"https:\/\/acs.org.br\/academy\/wp-json\/wp\/v2\/posts\/112842\/revisions\/112849"}],"wp:attachment":[{"href":"https:\/\/acs.org.br\/academy\/wp-json\/wp\/v2\/media?parent=112842"}],"wp:term":[{"taxonomy":"category","embeddable":true,"href":"https:\/\/acs.org.br\/academy\/wp-json\/wp\/v2\/categories?post=112842"},{"taxonomy":"post_tag","embeddable":true,"href":"https:\/\/acs.org.br\/academy\/wp-json\/wp\/v2\/tags?post=112842"}],"curies":[{"name":"wp","href":"https:\/\/api.w.org\/{rel}","templated":true}]}}