{"id":112841,"date":"2022-12-19T13:22:16","date_gmt":"2022-12-19T16:22:16","guid":{"rendered":"https:\/\/acs.org.br\/antigo\/?p=112841"},"modified":"2022-12-19T13:22:16","modified_gmt":"2022-12-19T16:22:16","slug":"porto-tcu-determina-que-spa-deve-prestar-servico-de-gestao-do-canal-no-porto-de-santos","status":"publish","type":"post","link":"https:\/\/acs.org.br\/academy\/porto-tcu-determina-que-spa-deve-prestar-servico-de-gestao-do-canal-no-porto-de-santos\/","title":{"rendered":"PORTO: TCU determina que SPA deve prestar servi\u00e7o de gest\u00e3o do canal no Porto de Santos"},"content":{"rendered":"<p>Fonte: Portos e Navios \u00a0\u00a0\u00a0\u00a0<\/p>\n<p>O Tribunal de Contas da Uni\u00e3o (TCU) realizou auditoria operacional para avaliar se o arranjo institucional e as a\u00e7\u00f5es que v\u00eam sendo adotadas pelos diversos \u00f3rg\u00e3os do poder p\u00fablico asseguram a adequada supervis\u00e3o e a regula\u00e7\u00e3o t\u00e9cnica e econ\u00f4mica dos servi\u00e7os de praticagem.<\/p>\n<p><a href=\"https:\/\/www.portosenavios.com.br\/noticias\/portos-e-logistica\/tcu-determina-que-spa-deve-prestar-servico-de-praticagem-no-porto-de-santos\">LEIA MAIS&#8230;<\/a><\/p>\n","protected":false},"excerpt":{"rendered":"<p>Fonte: Portos e Navios \u00a0\u00a0\u00a0\u00a0 O Tribunal de Contas da Uni\u00e3o (TCU) realizou auditoria operacional para avaliar se o arranjo institucional e as a\u00e7\u00f5es que v\u00eam sendo adotadas pelos diversos \u00f3rg\u00e3os do poder p\u00fablico asseguram a adequada supervis\u00e3o e a regula\u00e7\u00e3o t\u00e9cnica e econ\u00f4mica dos servi\u00e7os de praticagem. LEIA MAIS&#8230;<\/p>\n","protected":false},"author":66,"featured_media":0,"comment_status":"open","ping_status":"open","sticky":false,"template":"","format":"standard","meta":{"footnotes":""},"categories":[105],"tags":[],"_links":{"self":[{"href":"https:\/\/acs.org.br\/academy\/wp-json\/wp\/v2\/posts\/112841"}],"collection":[{"href":"https:\/\/acs.org.br\/academy\/wp-json\/wp\/v2\/posts"}],"about":[{"href":"https:\/\/acs.org.br\/academy\/wp-json\/wp\/v2\/types\/post"}],"author":[{"embeddable":true,"href":"https:\/\/acs.org.br\/academy\/wp-json\/wp\/v2\/users\/66"}],"replies":[{"embeddable":true,"href":"https:\/\/acs.org.br\/academy\/wp-json\/wp\/v2\/comments?post=112841"}],"version-history":[{"count":1,"href":"https:\/\/acs.org.br\/academy\/wp-json\/wp\/v2\/posts\/112841\/revisions"}],"predecessor-version":[{"id":112850,"href":"https:\/\/acs.org.br\/academy\/wp-json\/wp\/v2\/posts\/112841\/revisions\/112850"}],"wp:attachment":[{"href":"https:\/\/acs.org.br\/academy\/wp-json\/wp\/v2\/media?parent=112841"}],"wp:term":[{"taxonomy":"category","embeddable":true,"href":"https:\/\/acs.org.br\/academy\/wp-json\/wp\/v2\/categories?post=112841"},{"taxonomy":"post_tag","embeddable":true,"href":"https:\/\/acs.org.br\/academy\/wp-json\/wp\/v2\/tags?post=112841"}],"curies":[{"name":"wp","href":"https:\/\/api.w.org\/{rel}","templated":true}]}}