{"id":112793,"date":"2022-12-16T12:37:32","date_gmt":"2022-12-16T15:37:32","guid":{"rendered":"https:\/\/acs.org.br\/antigo\/?p=112793"},"modified":"2022-12-16T12:37:32","modified_gmt":"2022-12-16T15:37:32","slug":"cafe-cnc-comenta-novas-sancoes-da-uniao-europeia-e-impactos-na-cafeicultura-brasileira","status":"publish","type":"post","link":"https:\/\/acs.org.br\/academy\/cafe-cnc-comenta-novas-sancoes-da-uniao-europeia-e-impactos-na-cafeicultura-brasileira\/","title":{"rendered":"CAF\u00c9: CNC comenta novas san\u00e7\u00f5es da Uni\u00e3o Europeia e impactos na cafeicultura brasileira"},"content":{"rendered":"<p>Fonte: Caf\u00e9 Point \u00a0\u00a0<\/p>\n<p>O Conselho Nacional do Caf\u00e9 (CNC) continua atento aos tr\u00e2mites referentes \u00e0s san\u00e7\u00f5es da Uni\u00e3o Europeia a produtos provenientes de \u00e1reas desmatadas. Segundo informa\u00e7\u00f5es, o Parlamento Europeu e os Estados-membros da Uni\u00e3o Europeia (EU) chegaram, na madrugada de ter\u00e7a-feira (6), a um acordo para proibir a importa\u00e7\u00e3o para o territ\u00f3rio do bloco de produtos que contribuem para o desmatamento.<\/p>\n<p><a href=\"https:\/\/www.cafepoint.com.br\/noticias\/giro-de-noticias\/cnc-comenta-novas-sancoes-da-uniao-europeia-e-impactos-na-cafeicultura-brasileira-232294\/\">LEIA MAIS&#8230;<\/a><\/p>\n","protected":false},"excerpt":{"rendered":"<p>Fonte: Caf\u00e9 Point \u00a0\u00a0 O Conselho Nacional do Caf\u00e9 (CNC) continua atento aos tr\u00e2mites referentes \u00e0s san\u00e7\u00f5es da Uni\u00e3o Europeia a produtos provenientes de \u00e1reas desmatadas. Segundo informa\u00e7\u00f5es, o Parlamento Europeu e os Estados-membros da Uni\u00e3o Europeia (EU) chegaram, na madrugada de ter\u00e7a-feira (6), a um acordo para proibir a importa\u00e7\u00e3o para o territ\u00f3rio do [&hellip;]<\/p>\n","protected":false},"author":66,"featured_media":0,"comment_status":"open","ping_status":"open","sticky":false,"template":"","format":"standard","meta":{"footnotes":""},"categories":[105],"tags":[],"_links":{"self":[{"href":"https:\/\/acs.org.br\/academy\/wp-json\/wp\/v2\/posts\/112793"}],"collection":[{"href":"https:\/\/acs.org.br\/academy\/wp-json\/wp\/v2\/posts"}],"about":[{"href":"https:\/\/acs.org.br\/academy\/wp-json\/wp\/v2\/types\/post"}],"author":[{"embeddable":true,"href":"https:\/\/acs.org.br\/academy\/wp-json\/wp\/v2\/users\/66"}],"replies":[{"embeddable":true,"href":"https:\/\/acs.org.br\/academy\/wp-json\/wp\/v2\/comments?post=112793"}],"version-history":[{"count":1,"href":"https:\/\/acs.org.br\/academy\/wp-json\/wp\/v2\/posts\/112793\/revisions"}],"predecessor-version":[{"id":112794,"href":"https:\/\/acs.org.br\/academy\/wp-json\/wp\/v2\/posts\/112793\/revisions\/112794"}],"wp:attachment":[{"href":"https:\/\/acs.org.br\/academy\/wp-json\/wp\/v2\/media?parent=112793"}],"wp:term":[{"taxonomy":"category","embeddable":true,"href":"https:\/\/acs.org.br\/academy\/wp-json\/wp\/v2\/categories?post=112793"},{"taxonomy":"post_tag","embeddable":true,"href":"https:\/\/acs.org.br\/academy\/wp-json\/wp\/v2\/tags?post=112793"}],"curies":[{"name":"wp","href":"https:\/\/api.w.org\/{rel}","templated":true}]}}