{"id":112779,"date":"2022-12-16T12:34:58","date_gmt":"2022-12-16T15:34:58","guid":{"rendered":"https:\/\/acs.org.br\/antigo\/?p=112779"},"modified":"2022-12-16T12:34:58","modified_gmt":"2022-12-16T15:34:58","slug":"economia-pec-da-transicao-sera-votada-na-terca-feira-diz-presidente-da-camara","status":"publish","type":"post","link":"https:\/\/acs.org.br\/academy\/economia-pec-da-transicao-sera-votada-na-terca-feira-diz-presidente-da-camara\/","title":{"rendered":"ECONOMIA: PEC da Transi\u00e7\u00e3o ser\u00e1 votada na ter\u00e7a-feira, diz presidente da C\u00e2mara"},"content":{"rendered":"<p>Fonte: Ag\u00eancia Brasil \u00a0\u00a0\u00a0\u00a0\u00a0\u00a0<\/p>\n<p>O presidente da C\u00e2mara, deputado Arthur Lira (PP-AL), afirmou nesta quinta-feira (15) que a PEC da Transi\u00e7\u00e3o ser\u00e1 votada na ter\u00e7a-feira (20). A medida foi aprovada no Senado, mas tem enfrentado resist\u00eancias de deputados, que ainda querem negociar trechos da proposta. O texto permitir\u00e1 que o governo eleito tenha um espa\u00e7o fiscal no teto de gastos de cerca de R$ 145 bilh\u00f5es no Or\u00e7amento de 2023 e mais R$ 23 bilh\u00f5es de investimentos fora do teto.<\/p>\n<p><a href=\"https:\/\/agenciabrasil.ebc.com.br\/politica\/noticia\/2022-12\/pec-da-transicao-sera-votada-na-terca-feira-diz-presidente-da-camara\">LEIA MAIS&#8230;<\/a><\/p>\n","protected":false},"excerpt":{"rendered":"<p>Fonte: Ag\u00eancia Brasil \u00a0\u00a0\u00a0\u00a0\u00a0\u00a0 O presidente da C\u00e2mara, deputado Arthur Lira (PP-AL), afirmou nesta quinta-feira (15) que a PEC da Transi\u00e7\u00e3o ser\u00e1 votada na ter\u00e7a-feira (20). A medida foi aprovada no Senado, mas tem enfrentado resist\u00eancias de deputados, que ainda querem negociar trechos da proposta. O texto permitir\u00e1 que o governo eleito tenha um espa\u00e7o [&hellip;]<\/p>\n","protected":false},"author":66,"featured_media":0,"comment_status":"open","ping_status":"open","sticky":false,"template":"","format":"standard","meta":{"footnotes":""},"categories":[105],"tags":[],"_links":{"self":[{"href":"https:\/\/acs.org.br\/academy\/wp-json\/wp\/v2\/posts\/112779"}],"collection":[{"href":"https:\/\/acs.org.br\/academy\/wp-json\/wp\/v2\/posts"}],"about":[{"href":"https:\/\/acs.org.br\/academy\/wp-json\/wp\/v2\/types\/post"}],"author":[{"embeddable":true,"href":"https:\/\/acs.org.br\/academy\/wp-json\/wp\/v2\/users\/66"}],"replies":[{"embeddable":true,"href":"https:\/\/acs.org.br\/academy\/wp-json\/wp\/v2\/comments?post=112779"}],"version-history":[{"count":1,"href":"https:\/\/acs.org.br\/academy\/wp-json\/wp\/v2\/posts\/112779\/revisions"}],"predecessor-version":[{"id":112787,"href":"https:\/\/acs.org.br\/academy\/wp-json\/wp\/v2\/posts\/112779\/revisions\/112787"}],"wp:attachment":[{"href":"https:\/\/acs.org.br\/academy\/wp-json\/wp\/v2\/media?parent=112779"}],"wp:term":[{"taxonomy":"category","embeddable":true,"href":"https:\/\/acs.org.br\/academy\/wp-json\/wp\/v2\/categories?post=112779"},{"taxonomy":"post_tag","embeddable":true,"href":"https:\/\/acs.org.br\/academy\/wp-json\/wp\/v2\/tags?post=112779"}],"curies":[{"name":"wp","href":"https:\/\/api.w.org\/{rel}","templated":true}]}}