{"id":103590,"date":"2022-01-07T15:25:11","date_gmt":"2022-01-07T18:25:11","guid":{"rendered":"https:\/\/acs.org.br\/antigo\/?p=103590"},"modified":"2022-01-07T15:25:11","modified_gmt":"2022-01-07T18:25:11","slug":"atualidades-detran-sp-muda-prazo-para-licenciamento-de-veiculos-em-2022-veja-como-fica","status":"publish","type":"post","link":"https:\/\/acs.org.br\/academy\/atualidades-detran-sp-muda-prazo-para-licenciamento-de-veiculos-em-2022-veja-como-fica\/","title":{"rendered":"ATUALIDADES: Detran-SP muda prazo para licenciamento de ve\u00edculos em 2022; veja como fica"},"content":{"rendered":"<p><em>Assim como no ano passado, em 2022 os donos de carros estar\u00e3o isentos do pagamento do seguro obrigat\u00f3rio Seguro de DPVAT\u00a0 &#8211;\u00a0\u00a0Marcelo Camargo\/Ag\u00eancia Brasil<\/em><\/p>\n<p>Fonte: CNN Brasil<\/p>\n<p>Devido \u00e0 mudan\u00e7a no n\u00famero de parcelas para o pagamento do Imposto sobre a Propriedade de ve\u00edculos Automotores (IPVA) de 2022, que subiu de tr\u00eas para cinco, o Departamento Estadual de Tr\u00e2nsito de S\u00e3o Paulo (Detran-SP) anunciou a altera\u00e7\u00e3o do calend\u00e1rio de licenciamento anual.<\/p>\n<p><strong><a href=\"https:\/\/www.cnnbrasil.com.br\/business\/detran-sp-muda-prazo-para-licenciamento-de-veiculos-em-2022-veja-como-fica\/\">LEIA MAIS&#8230;<\/a><\/strong><\/p>\n<p>&nbsp;<\/p>\n","protected":false},"excerpt":{"rendered":"<p>Assim como no ano passado, em 2022 os donos de carros estar\u00e3o isentos do pagamento do seguro obrigat\u00f3rio Seguro de DPVAT\u00a0 &#8211;\u00a0\u00a0Marcelo Camargo\/Ag\u00eancia Brasil Fonte: CNN Brasil Devido \u00e0 mudan\u00e7a no n\u00famero de parcelas para o pagamento do Imposto sobre a Propriedade de ve\u00edculos Automotores (IPVA) de 2022, que subiu de tr\u00eas para cinco, o [&hellip;]<\/p>\n","protected":false},"author":3,"featured_media":103591,"comment_status":"open","ping_status":"open","sticky":false,"template":"","format":"standard","meta":{"footnotes":""},"categories":[105],"tags":[],"_links":{"self":[{"href":"https:\/\/acs.org.br\/academy\/wp-json\/wp\/v2\/posts\/103590"}],"collection":[{"href":"https:\/\/acs.org.br\/academy\/wp-json\/wp\/v2\/posts"}],"about":[{"href":"https:\/\/acs.org.br\/academy\/wp-json\/wp\/v2\/types\/post"}],"author":[{"embeddable":true,"href":"https:\/\/acs.org.br\/academy\/wp-json\/wp\/v2\/users\/3"}],"replies":[{"embeddable":true,"href":"https:\/\/acs.org.br\/academy\/wp-json\/wp\/v2\/comments?post=103590"}],"version-history":[{"count":1,"href":"https:\/\/acs.org.br\/academy\/wp-json\/wp\/v2\/posts\/103590\/revisions"}],"predecessor-version":[{"id":103592,"href":"https:\/\/acs.org.br\/academy\/wp-json\/wp\/v2\/posts\/103590\/revisions\/103592"}],"wp:featuredmedia":[{"embeddable":true,"href":"https:\/\/acs.org.br\/academy\/wp-json\/wp\/v2\/media\/103591"}],"wp:attachment":[{"href":"https:\/\/acs.org.br\/academy\/wp-json\/wp\/v2\/media?parent=103590"}],"wp:term":[{"taxonomy":"category","embeddable":true,"href":"https:\/\/acs.org.br\/academy\/wp-json\/wp\/v2\/categories?post=103590"},{"taxonomy":"post_tag","embeddable":true,"href":"https:\/\/acs.org.br\/academy\/wp-json\/wp\/v2\/tags?post=103590"}],"curies":[{"name":"wp","href":"https:\/\/api.w.org\/{rel}","templated":true}]}}