{"id":103548,"date":"2022-01-06T09:17:57","date_gmt":"2022-01-06T12:17:57","guid":{"rendered":"https:\/\/acs.org.br\/antigo\/?p=103548"},"modified":"2022-01-06T09:17:57","modified_gmt":"2022-01-06T12:17:57","slug":"saude-sao-paulo-quer-vacinar-criancas-em-3-semanas","status":"publish","type":"post","link":"https:\/\/acs.org.br\/academy\/saude-sao-paulo-quer-vacinar-criancas-em-3-semanas\/","title":{"rendered":"SA\u00daDE: S\u00e3o Paulo quer vacinar crian\u00e7as em 3 semanas"},"content":{"rendered":"<p><em>Governador afirma que imuniza\u00e7\u00e3o ocorrer\u00e1 &#8220;imediatamente&#8221;, desde que Bras\u00edlia envie doses Pfizer<\/em><\/p>\n<p>Fonte: A Tribuna<\/p>\n<p>Pouco antes do Minist\u00e9rio da Sa\u00fade\u00a0 autorizar a vacina\u00e7\u00e3o contra covid-19 dos 5 aos 11 anos sem necessidade de prescri\u00e7\u00e3o m\u00e9dica, o Governo Estadual informou, ontem, que planeja aplicar pelo menos uma dose em todas as crian\u00e7as dessa faixa et\u00e1ria em at\u00e9 tr\u00eas semanas a partir do recebimento das doses.<\/p>\n<p><strong><a href=\"https:\/\/acs.org.br\/antigo\/wp-content\/uploads\/2022\/01\/CRIANCAS-060122.pdf\">LEIA MAIS<\/a><\/strong><\/p>\n","protected":false},"excerpt":{"rendered":"<p>Governador afirma que imuniza\u00e7\u00e3o ocorrer\u00e1 &#8220;imediatamente&#8221;, desde que Bras\u00edlia envie doses Pfizer Fonte: A Tribuna Pouco antes do Minist\u00e9rio da Sa\u00fade\u00a0 autorizar a vacina\u00e7\u00e3o contra covid-19 dos 5 aos 11 anos sem necessidade de prescri\u00e7\u00e3o m\u00e9dica, o Governo Estadual informou, ontem, que planeja aplicar pelo menos uma dose em todas as crian\u00e7as dessa faixa et\u00e1ria [&hellip;]<\/p>\n","protected":false},"author":3,"featured_media":103550,"comment_status":"open","ping_status":"open","sticky":false,"template":"","format":"standard","meta":{"footnotes":""},"categories":[105],"tags":[],"_links":{"self":[{"href":"https:\/\/acs.org.br\/academy\/wp-json\/wp\/v2\/posts\/103548"}],"collection":[{"href":"https:\/\/acs.org.br\/academy\/wp-json\/wp\/v2\/posts"}],"about":[{"href":"https:\/\/acs.org.br\/academy\/wp-json\/wp\/v2\/types\/post"}],"author":[{"embeddable":true,"href":"https:\/\/acs.org.br\/academy\/wp-json\/wp\/v2\/users\/3"}],"replies":[{"embeddable":true,"href":"https:\/\/acs.org.br\/academy\/wp-json\/wp\/v2\/comments?post=103548"}],"version-history":[{"count":1,"href":"https:\/\/acs.org.br\/academy\/wp-json\/wp\/v2\/posts\/103548\/revisions"}],"predecessor-version":[{"id":103551,"href":"https:\/\/acs.org.br\/academy\/wp-json\/wp\/v2\/posts\/103548\/revisions\/103551"}],"wp:featuredmedia":[{"embeddable":true,"href":"https:\/\/acs.org.br\/academy\/wp-json\/wp\/v2\/media\/103550"}],"wp:attachment":[{"href":"https:\/\/acs.org.br\/academy\/wp-json\/wp\/v2\/media?parent=103548"}],"wp:term":[{"taxonomy":"category","embeddable":true,"href":"https:\/\/acs.org.br\/academy\/wp-json\/wp\/v2\/categories?post=103548"},{"taxonomy":"post_tag","embeddable":true,"href":"https:\/\/acs.org.br\/academy\/wp-json\/wp\/v2\/tags?post=103548"}],"curies":[{"name":"wp","href":"https:\/\/api.w.org\/{rel}","templated":true}]}}