{"id":103531,"date":"2022-01-05T14:22:09","date_gmt":"2022-01-05T17:22:09","guid":{"rendered":"https:\/\/acs.org.br\/antigo\/?p=103531"},"modified":"2022-01-05T14:44:20","modified_gmt":"2022-01-05T17:44:20","slug":"saude-medicos-da-baixada-santista-esclarecem-infeccao-simultanea-de-gripe-e-covid-19","status":"publish","type":"post","link":"https:\/\/acs.org.br\/academy\/saude-medicos-da-baixada-santista-esclarecem-infeccao-simultanea-de-gripe-e-covid-19\/","title":{"rendered":"SA\u00daDE: M\u00e9dicos da Baixada Santista esclarecem infec\u00e7\u00e3o simult\u00e2nea de gripe e covid-19"},"content":{"rendered":"<p style=\"text-align: center;\"><em>Procura de pacientes com sintomas de gripe permanece intensa em unidades de sa\u00fade da regi\u00e3o, com longa espera por atendimento m\u00e9dico\u00a0\u00a0\u00a0 Foto: Vanessa Rodrigues\/AT<\/em><\/p>\n<p>Fonte: A Tribuna online<\/p>\n<p>A infec\u00e7\u00e3o simult\u00e2nea pelos v\u00edrus Sars-Cov-2 e Influenza, que causam covid-19 e gripe, pode ocorrer, mas \u00e9 pouco comum, dizem especialistas ouvidos por A Tribuna.<\/p>\n<p><strong><a href=\"https:\/\/acs.org.br\/antigo\/wp-content\/uploads\/2022\/01\/SAUDE-050122.pdf\">LEIA MAIS&#8230;<\/a><\/strong><\/p>\n","protected":false},"excerpt":{"rendered":"<p>Procura de pacientes com sintomas de gripe permanece intensa em unidades de sa\u00fade da regi\u00e3o, com longa espera por atendimento m\u00e9dico\u00a0\u00a0\u00a0 Foto: Vanessa Rodrigues\/AT Fonte: A Tribuna online A infec\u00e7\u00e3o simult\u00e2nea pelos v\u00edrus Sars-Cov-2 e Influenza, que causam covid-19 e gripe, pode ocorrer, mas \u00e9 pouco comum, dizem especialistas ouvidos por A Tribuna. LEIA MAIS&#8230;<\/p>\n","protected":false},"author":3,"featured_media":103533,"comment_status":"open","ping_status":"open","sticky":false,"template":"","format":"standard","meta":{"footnotes":""},"categories":[105],"tags":[],"_links":{"self":[{"href":"https:\/\/acs.org.br\/academy\/wp-json\/wp\/v2\/posts\/103531"}],"collection":[{"href":"https:\/\/acs.org.br\/academy\/wp-json\/wp\/v2\/posts"}],"about":[{"href":"https:\/\/acs.org.br\/academy\/wp-json\/wp\/v2\/types\/post"}],"author":[{"embeddable":true,"href":"https:\/\/acs.org.br\/academy\/wp-json\/wp\/v2\/users\/3"}],"replies":[{"embeddable":true,"href":"https:\/\/acs.org.br\/academy\/wp-json\/wp\/v2\/comments?post=103531"}],"version-history":[{"count":1,"href":"https:\/\/acs.org.br\/academy\/wp-json\/wp\/v2\/posts\/103531\/revisions"}],"predecessor-version":[{"id":103534,"href":"https:\/\/acs.org.br\/academy\/wp-json\/wp\/v2\/posts\/103531\/revisions\/103534"}],"wp:featuredmedia":[{"embeddable":true,"href":"https:\/\/acs.org.br\/academy\/wp-json\/wp\/v2\/media\/103533"}],"wp:attachment":[{"href":"https:\/\/acs.org.br\/academy\/wp-json\/wp\/v2\/media?parent=103531"}],"wp:term":[{"taxonomy":"category","embeddable":true,"href":"https:\/\/acs.org.br\/academy\/wp-json\/wp\/v2\/categories?post=103531"},{"taxonomy":"post_tag","embeddable":true,"href":"https:\/\/acs.org.br\/academy\/wp-json\/wp\/v2\/tags?post=103531"}],"curies":[{"name":"wp","href":"https:\/\/api.w.org\/{rel}","templated":true}]}}