{"id":103424,"date":"2022-01-03T12:34:06","date_gmt":"2022-01-03T15:34:06","guid":{"rendered":"https:\/\/acs.org.br\/antigo\/?p=103424"},"modified":"2022-01-03T13:01:12","modified_gmt":"2022-01-03T16:01:12","slug":"saude-vacina-para-criancas-sera-distribuida-na-2a-quinzena-de-janeiro-diz-queiroga","status":"publish","type":"post","link":"https:\/\/acs.org.br\/academy\/saude-vacina-para-criancas-sera-distribuida-na-2a-quinzena-de-janeiro-diz-queiroga\/","title":{"rendered":"SA\u00daDE: Vacina para crian\u00e7as ser\u00e1 distribu\u00edda na 2\u00aa quinzena de janeiro, diz Queiroga"},"content":{"rendered":"<p>Fonte: Santa portal \/\u00a0 Folha Press<\/p>\n<p>O ministro da Sa\u00fade, Marcelo Queiroga, disse que as vacinas contra covid para crian\u00e7as devem ser distribu\u00eddas para os estados na segunda quinzena de janeiro.<\/p>\n<p>&#8220;Na segunda quinzena elas come\u00e7am a chegar e ser\u00e3o distribu\u00eddas como n\u00f3s temos distribu\u00eddo&#8221;, disse em conversa com jornalistas nesta segunda-feira (3).<\/p>\n<p><strong><a href=\"https:\/\/santaportal.com.br\/geral\/vacina-para-criancas-sera-distribuida-na-2a-quinzena-de-janeiro-diz-queiroga\/\">LEIA MAIS&#8230;<\/a><\/strong><\/p>\n","protected":false},"excerpt":{"rendered":"<p>Fonte: Santa portal \/\u00a0 Folha Press O ministro da Sa\u00fade, Marcelo Queiroga, disse que as vacinas contra covid para crian\u00e7as devem ser distribu\u00eddas para os estados na segunda quinzena de janeiro. &#8220;Na segunda quinzena elas come\u00e7am a chegar e ser\u00e3o distribu\u00eddas como n\u00f3s temos distribu\u00eddo&#8221;, disse em conversa com jornalistas nesta segunda-feira (3). LEIA MAIS&#8230;<\/p>\n","protected":false},"author":3,"featured_media":103425,"comment_status":"open","ping_status":"open","sticky":false,"template":"","format":"standard","meta":{"footnotes":""},"categories":[105],"tags":[],"_links":{"self":[{"href":"https:\/\/acs.org.br\/academy\/wp-json\/wp\/v2\/posts\/103424"}],"collection":[{"href":"https:\/\/acs.org.br\/academy\/wp-json\/wp\/v2\/posts"}],"about":[{"href":"https:\/\/acs.org.br\/academy\/wp-json\/wp\/v2\/types\/post"}],"author":[{"embeddable":true,"href":"https:\/\/acs.org.br\/academy\/wp-json\/wp\/v2\/users\/3"}],"replies":[{"embeddable":true,"href":"https:\/\/acs.org.br\/academy\/wp-json\/wp\/v2\/comments?post=103424"}],"version-history":[{"count":2,"href":"https:\/\/acs.org.br\/academy\/wp-json\/wp\/v2\/posts\/103424\/revisions"}],"predecessor-version":[{"id":103427,"href":"https:\/\/acs.org.br\/academy\/wp-json\/wp\/v2\/posts\/103424\/revisions\/103427"}],"wp:featuredmedia":[{"embeddable":true,"href":"https:\/\/acs.org.br\/academy\/wp-json\/wp\/v2\/media\/103425"}],"wp:attachment":[{"href":"https:\/\/acs.org.br\/academy\/wp-json\/wp\/v2\/media?parent=103424"}],"wp:term":[{"taxonomy":"category","embeddable":true,"href":"https:\/\/acs.org.br\/academy\/wp-json\/wp\/v2\/categories?post=103424"},{"taxonomy":"post_tag","embeddable":true,"href":"https:\/\/acs.org.br\/academy\/wp-json\/wp\/v2\/tags?post=103424"}],"curies":[{"name":"wp","href":"https:\/\/api.w.org\/{rel}","templated":true}]}}