{"id":102588,"date":"2021-12-03T17:09:12","date_gmt":"2021-12-03T20:09:12","guid":{"rendered":"https:\/\/acs.org.br\/antigo\/?p=102588"},"modified":"2021-12-03T17:09:12","modified_gmt":"2021-12-03T20:09:12","slug":"cafe-secretaria-de-agricultura-de-sao-paulo-estabelece-nova-resolucao-para-producao-de-mudas-de-cafe","status":"publish","type":"post","link":"https:\/\/acs.org.br\/academy\/cafe-secretaria-de-agricultura-de-sao-paulo-estabelece-nova-resolucao-para-producao-de-mudas-de-cafe\/","title":{"rendered":"CAF\u00c9: Secretaria de Agricultura de S\u00e3o Paulo estabelece nova resolu\u00e7\u00e3o para produ\u00e7\u00e3o de mudas de caf\u00e9"},"content":{"rendered":"<p>Fonte: Caf\u00e9 Point<\/p>\n<p>No dia 25 de novembro, a Cooperativa de Cafeicultores e Agropecuaristas (Cocapec), situada em Franca (SP), recebeu o Secret\u00e1rio de Agricultura e Abastecimento de S\u00e3o Paulo, Itamar Borges, que assinou a nova resolu\u00e7\u00e3o para a produ\u00e7\u00e3o de mudas de caf\u00e9. O evento contou com a presen\u00e7a do deputado federal Baleia Rossi, do prefeito de Franca, Alexandre Ferreira, do presidente da Cocapec, Carlos Yoshiuki Sato, e do secret\u00e1rio-executivo da SAA, Francisco Matturro.<\/p>\n<p><a href=\"https:\/\/www.cafepoint.com.br\/noticias\/giro-de-noticias\/secretaria-de-agricultura-de-sao-paulo-estabelece-nova-resolucao-para-producao-de-mudas-de-cafe-228278\/\">LEIA MAIS&#8230;<\/a><\/p>\n<p>&nbsp;<\/p>\n","protected":false},"excerpt":{"rendered":"<p>Fonte: Caf\u00e9 Point No dia 25 de novembro, a Cooperativa de Cafeicultores e Agropecuaristas (Cocapec), situada em Franca (SP), recebeu o Secret\u00e1rio de Agricultura e Abastecimento de S\u00e3o Paulo, Itamar Borges, que assinou a nova resolu\u00e7\u00e3o para a produ\u00e7\u00e3o de mudas de caf\u00e9. O evento contou com a presen\u00e7a do deputado federal Baleia Rossi, do [&hellip;]<\/p>\n","protected":false},"author":3,"featured_media":0,"comment_status":"open","ping_status":"open","sticky":false,"template":"","format":"standard","meta":{"footnotes":""},"categories":[105],"tags":[],"_links":{"self":[{"href":"https:\/\/acs.org.br\/academy\/wp-json\/wp\/v2\/posts\/102588"}],"collection":[{"href":"https:\/\/acs.org.br\/academy\/wp-json\/wp\/v2\/posts"}],"about":[{"href":"https:\/\/acs.org.br\/academy\/wp-json\/wp\/v2\/types\/post"}],"author":[{"embeddable":true,"href":"https:\/\/acs.org.br\/academy\/wp-json\/wp\/v2\/users\/3"}],"replies":[{"embeddable":true,"href":"https:\/\/acs.org.br\/academy\/wp-json\/wp\/v2\/comments?post=102588"}],"version-history":[{"count":1,"href":"https:\/\/acs.org.br\/academy\/wp-json\/wp\/v2\/posts\/102588\/revisions"}],"predecessor-version":[{"id":102589,"href":"https:\/\/acs.org.br\/academy\/wp-json\/wp\/v2\/posts\/102588\/revisions\/102589"}],"wp:attachment":[{"href":"https:\/\/acs.org.br\/academy\/wp-json\/wp\/v2\/media?parent=102588"}],"wp:term":[{"taxonomy":"category","embeddable":true,"href":"https:\/\/acs.org.br\/academy\/wp-json\/wp\/v2\/categories?post=102588"},{"taxonomy":"post_tag","embeddable":true,"href":"https:\/\/acs.org.br\/academy\/wp-json\/wp\/v2\/tags?post=102588"}],"curies":[{"name":"wp","href":"https:\/\/api.w.org\/{rel}","templated":true}]}}