{"id":102370,"date":"2021-11-29T15:53:18","date_gmt":"2021-11-29T18:53:18","guid":{"rendered":"https:\/\/acs.org.br\/antigo\/?p=102370"},"modified":"2021-11-29T16:47:16","modified_gmt":"2021-11-29T19:47:16","slug":"sustentabilidade-grupo-espanhol-estreia-em-geracao-renovavel-e-preve-ampliar-operacao-de-infraestrutura-no-brasil","status":"publish","type":"post","link":"https:\/\/acs.org.br\/academy\/sustentabilidade-grupo-espanhol-estreia-em-geracao-renovavel-e-preve-ampliar-operacao-de-infraestrutura-no-brasil\/","title":{"rendered":"SUSTENTABILIDADE: Grupo espanhol estreia em gera\u00e7\u00e3o renov\u00e1vel e prev\u00ea ampliar opera\u00e7\u00e3o de infraestrutura no Brasil"},"content":{"rendered":"<p><em>Foto &#8211; Silvia Zamboni\/Valor<\/em><\/p>\n<p>Fonte: Valor Econ\u00f4mico<\/p>\n<p>O grupo espanhol Acciona decidiu entrar no mercado de gera\u00e7\u00e3o de energia renov\u00e1vel no Brasil. A companhia acaba de adquirir, da Casa dos Ventos, um projeto e\u00f3lico em desenvolvimento na Bahia, com pot\u00eancia de 850 MW e investimentos projetados em \u20ac 800 milh\u00f5es (R$ 5 bilh\u00f5es, na cota\u00e7\u00e3o atual).<\/p>\n<p><a href=\"https:\/\/acs.org.br\/antigo\/wp-content\/uploads\/2021\/11\/AEOLICO-291121.pdf\">LEIA MAIS&#8230;<\/a><\/p>\n","protected":false},"excerpt":{"rendered":"<p>Foto &#8211; Silvia Zamboni\/Valor Fonte: Valor Econ\u00f4mico O grupo espanhol Acciona decidiu entrar no mercado de gera\u00e7\u00e3o de energia renov\u00e1vel no Brasil. A companhia acaba de adquirir, da Casa dos Ventos, um projeto e\u00f3lico em desenvolvimento na Bahia, com pot\u00eancia de 850 MW e investimentos projetados em \u20ac 800 milh\u00f5es (R$ 5 bilh\u00f5es, na cota\u00e7\u00e3o [&hellip;]<\/p>\n","protected":false},"author":3,"featured_media":102372,"comment_status":"open","ping_status":"open","sticky":false,"template":"","format":"standard","meta":{"footnotes":""},"categories":[105],"tags":[],"_links":{"self":[{"href":"https:\/\/acs.org.br\/academy\/wp-json\/wp\/v2\/posts\/102370"}],"collection":[{"href":"https:\/\/acs.org.br\/academy\/wp-json\/wp\/v2\/posts"}],"about":[{"href":"https:\/\/acs.org.br\/academy\/wp-json\/wp\/v2\/types\/post"}],"author":[{"embeddable":true,"href":"https:\/\/acs.org.br\/academy\/wp-json\/wp\/v2\/users\/3"}],"replies":[{"embeddable":true,"href":"https:\/\/acs.org.br\/academy\/wp-json\/wp\/v2\/comments?post=102370"}],"version-history":[{"count":3,"href":"https:\/\/acs.org.br\/academy\/wp-json\/wp\/v2\/posts\/102370\/revisions"}],"predecessor-version":[{"id":102376,"href":"https:\/\/acs.org.br\/academy\/wp-json\/wp\/v2\/posts\/102370\/revisions\/102376"}],"wp:featuredmedia":[{"embeddable":true,"href":"https:\/\/acs.org.br\/academy\/wp-json\/wp\/v2\/media\/102372"}],"wp:attachment":[{"href":"https:\/\/acs.org.br\/academy\/wp-json\/wp\/v2\/media?parent=102370"}],"wp:term":[{"taxonomy":"category","embeddable":true,"href":"https:\/\/acs.org.br\/academy\/wp-json\/wp\/v2\/categories?post=102370"},{"taxonomy":"post_tag","embeddable":true,"href":"https:\/\/acs.org.br\/academy\/wp-json\/wp\/v2\/tags?post=102370"}],"curies":[{"name":"wp","href":"https:\/\/api.w.org\/{rel}","templated":true}]}}