{"id":102362,"date":"2021-11-29T15:00:51","date_gmt":"2021-11-29T18:00:51","guid":{"rendered":"https:\/\/acs.org.br\/antigo\/?p=102362"},"modified":"2021-11-29T15:22:49","modified_gmt":"2021-11-29T18:22:49","slug":"infraestrutura-concessoes-devem-dobrar-ferrovias-no-pais-em-15-anos-diz-ministro","status":"publish","type":"post","link":"https:\/\/acs.org.br\/academy\/infraestrutura-concessoes-devem-dobrar-ferrovias-no-pais-em-15-anos-diz-ministro\/","title":{"rendered":"INFRAESTRUTURA: Concess\u00f5es devem dobrar ferrovias no pa\u00eds em 15 anos, diz ministro"},"content":{"rendered":"<p>Fonte: Ag\u00eancia Porto<\/p>\n<p>O governo passou a adotar um novo modelo de concess\u00e3o mais r\u00e1pido e burocr\u00e1tico. Trata-se da autoriza\u00e7\u00e3o, instrumento j\u00e1 previsto na legisla\u00e7\u00e3o brasileira, por\u00e9m pouco utilizado. Esse modelo est\u00e1 sendo usado agora para dar um salto no modal ferrovi\u00e1rio. Quem explica como isso vai funcionar \u00e9 o ministro da Infraestrutura, Tarc\u00edsio Gomes de Freitas. Ele \u00e9 o entrevistado deste domingo do programa Brasil em Pauta, da TV Brasil.<\/p>\n<p><a href=\"http:\/\/agenciaporto.com\/concessoes-devem-dobrar-ferrovias-no-pais-em-15-anos-diz-ministro\/\">LEIA MAIS&#8230;<\/a><\/p>\n<p>&nbsp;<\/p>\n","protected":false},"excerpt":{"rendered":"<p>Fonte: Ag\u00eancia Porto O governo passou a adotar um novo modelo de concess\u00e3o mais r\u00e1pido e burocr\u00e1tico. Trata-se da autoriza\u00e7\u00e3o, instrumento j\u00e1 previsto na legisla\u00e7\u00e3o brasileira, por\u00e9m pouco utilizado. Esse modelo est\u00e1 sendo usado agora para dar um salto no modal ferrovi\u00e1rio. Quem explica como isso vai funcionar \u00e9 o ministro da Infraestrutura, Tarc\u00edsio Gomes [&hellip;]<\/p>\n","protected":false},"author":3,"featured_media":0,"comment_status":"open","ping_status":"open","sticky":false,"template":"","format":"standard","meta":{"footnotes":""},"categories":[105],"tags":[],"_links":{"self":[{"href":"https:\/\/acs.org.br\/academy\/wp-json\/wp\/v2\/posts\/102362"}],"collection":[{"href":"https:\/\/acs.org.br\/academy\/wp-json\/wp\/v2\/posts"}],"about":[{"href":"https:\/\/acs.org.br\/academy\/wp-json\/wp\/v2\/types\/post"}],"author":[{"embeddable":true,"href":"https:\/\/acs.org.br\/academy\/wp-json\/wp\/v2\/users\/3"}],"replies":[{"embeddable":true,"href":"https:\/\/acs.org.br\/academy\/wp-json\/wp\/v2\/comments?post=102362"}],"version-history":[{"count":1,"href":"https:\/\/acs.org.br\/academy\/wp-json\/wp\/v2\/posts\/102362\/revisions"}],"predecessor-version":[{"id":102363,"href":"https:\/\/acs.org.br\/academy\/wp-json\/wp\/v2\/posts\/102362\/revisions\/102363"}],"wp:attachment":[{"href":"https:\/\/acs.org.br\/academy\/wp-json\/wp\/v2\/media?parent=102362"}],"wp:term":[{"taxonomy":"category","embeddable":true,"href":"https:\/\/acs.org.br\/academy\/wp-json\/wp\/v2\/categories?post=102362"},{"taxonomy":"post_tag","embeddable":true,"href":"https:\/\/acs.org.br\/academy\/wp-json\/wp\/v2\/tags?post=102362"}],"curies":[{"name":"wp","href":"https:\/\/api.w.org\/{rel}","templated":true}]}}