{"id":102352,"date":"2021-11-29T12:10:20","date_gmt":"2021-11-29T15:10:20","guid":{"rendered":"https:\/\/acs.org.br\/antigo\/?p=102352"},"modified":"2021-11-29T15:50:44","modified_gmt":"2021-11-29T18:50:44","slug":"economia-boletim-focus-mercado-passa-a-ver-inflacao-no-teto-da-meta-em-2022","status":"publish","type":"post","link":"https:\/\/acs.org.br\/academy\/economia-boletim-focus-mercado-passa-a-ver-inflacao-no-teto-da-meta-em-2022\/","title":{"rendered":"ECONOMIA: Boletim Focus: mercado passa a ver infla\u00e7\u00e3o no teto da meta em 2022"},"content":{"rendered":"<p><em>Pessoas passam em frente \u00e0 sede do Banco Central em Bras\u00edlia\u00a0\u00a0\u00a0 &#8211;\u00a0\u00a0\u00a0\u00a0 Reuters\/Amanda Perobelli<\/em><\/p>\n<p>Fonte: CNN Brasil<\/p>\n<p>Especialistas passaram a ver a infla\u00e7\u00e3o no teto da meta em 2022, em um cen\u00e1rio ainda de piora forte da expectativa para o crescimento, de acordo com a pesquisa Focus divulgada pelo Banco Central nesta segunda-feira.<\/p>\n<p><a href=\"https:\/\/www.cnnbrasil.com.br\/business\/boletim-focus-mercado-passa-a-ver-inflacao-no-teto-da-meta-em-2022\/\">LEIA MAIS&#8230;<\/a><\/p>\n","protected":false},"excerpt":{"rendered":"<p>Pessoas passam em frente \u00e0 sede do Banco Central em Bras\u00edlia\u00a0\u00a0\u00a0 &#8211;\u00a0\u00a0\u00a0\u00a0 Reuters\/Amanda Perobelli Fonte: CNN Brasil Especialistas passaram a ver a infla\u00e7\u00e3o no teto da meta em 2022, em um cen\u00e1rio ainda de piora forte da expectativa para o crescimento, de acordo com a pesquisa Focus divulgada pelo Banco Central nesta segunda-feira. LEIA MAIS&#8230;<\/p>\n","protected":false},"author":3,"featured_media":102353,"comment_status":"open","ping_status":"open","sticky":false,"template":"","format":"standard","meta":{"footnotes":""},"categories":[105],"tags":[],"_links":{"self":[{"href":"https:\/\/acs.org.br\/academy\/wp-json\/wp\/v2\/posts\/102352"}],"collection":[{"href":"https:\/\/acs.org.br\/academy\/wp-json\/wp\/v2\/posts"}],"about":[{"href":"https:\/\/acs.org.br\/academy\/wp-json\/wp\/v2\/types\/post"}],"author":[{"embeddable":true,"href":"https:\/\/acs.org.br\/academy\/wp-json\/wp\/v2\/users\/3"}],"replies":[{"embeddable":true,"href":"https:\/\/acs.org.br\/academy\/wp-json\/wp\/v2\/comments?post=102352"}],"version-history":[{"count":3,"href":"https:\/\/acs.org.br\/academy\/wp-json\/wp\/v2\/posts\/102352\/revisions"}],"predecessor-version":[{"id":102369,"href":"https:\/\/acs.org.br\/academy\/wp-json\/wp\/v2\/posts\/102352\/revisions\/102369"}],"wp:featuredmedia":[{"embeddable":true,"href":"https:\/\/acs.org.br\/academy\/wp-json\/wp\/v2\/media\/102353"}],"wp:attachment":[{"href":"https:\/\/acs.org.br\/academy\/wp-json\/wp\/v2\/media?parent=102352"}],"wp:term":[{"taxonomy":"category","embeddable":true,"href":"https:\/\/acs.org.br\/academy\/wp-json\/wp\/v2\/categories?post=102352"},{"taxonomy":"post_tag","embeddable":true,"href":"https:\/\/acs.org.br\/academy\/wp-json\/wp\/v2\/tags?post=102352"}],"curies":[{"name":"wp","href":"https:\/\/api.w.org\/{rel}","templated":true}]}}