{"id":102339,"date":"2021-11-29T11:20:18","date_gmt":"2021-11-29T14:20:18","guid":{"rendered":"https:\/\/acs.org.br\/antigo\/?p=102339"},"modified":"2021-11-29T15:54:42","modified_gmt":"2021-11-29T18:54:42","slug":"atualidades-oms-omicron-representa-risco-elevado-mas-ha-duvidas-sobre-o-potencial-de-danos-que-a-variante-pode-causar","status":"publish","type":"post","link":"https:\/\/acs.org.br\/academy\/atualidades-oms-omicron-representa-risco-elevado-mas-ha-duvidas-sobre-o-potencial-de-danos-que-a-variante-pode-causar\/","title":{"rendered":"ATUALIDADES: OMS: \u00d4micron representa risco elevado, mas h\u00e1 d\u00favidas sobre o potencial de danos que a variante pode causar"},"content":{"rendered":"<p>Fonte: G1<\/p>\n<p>A variante \u00f4micron do coronav\u00edrus representa um risco muito elevado para o planeta, advertiu nesta segunda-feira (29) a Organiza\u00e7\u00e3o Mundial da Sa\u00fade (OMS). A organiza\u00e7\u00e3o tamb\u00e9m afirmou que h\u00e1 muitas d\u00favidas sobre a variante, especialmente sobre o perigo real que representa.<\/p>\n<p><a href=\"https:\/\/g1.globo.com\/mundo\/noticia\/2021\/11\/29\/oms-omicron-representa-risco-muito-elevado-mas-ainda-ha-muitas-incognitas-s.ghtml\">LEIA MAIS<\/a><\/p>\n","protected":false},"excerpt":{"rendered":"<p>Fonte: G1 A variante \u00f4micron do coronav\u00edrus representa um risco muito elevado para o planeta, advertiu nesta segunda-feira (29) a Organiza\u00e7\u00e3o Mundial da Sa\u00fade (OMS). A organiza\u00e7\u00e3o tamb\u00e9m afirmou que h\u00e1 muitas d\u00favidas sobre a variante, especialmente sobre o perigo real que representa. LEIA MAIS<\/p>\n","protected":false},"author":3,"featured_media":102340,"comment_status":"open","ping_status":"open","sticky":false,"template":"","format":"standard","meta":{"footnotes":""},"categories":[105],"tags":[],"_links":{"self":[{"href":"https:\/\/acs.org.br\/academy\/wp-json\/wp\/v2\/posts\/102339"}],"collection":[{"href":"https:\/\/acs.org.br\/academy\/wp-json\/wp\/v2\/posts"}],"about":[{"href":"https:\/\/acs.org.br\/academy\/wp-json\/wp\/v2\/types\/post"}],"author":[{"embeddable":true,"href":"https:\/\/acs.org.br\/academy\/wp-json\/wp\/v2\/users\/3"}],"replies":[{"embeddable":true,"href":"https:\/\/acs.org.br\/academy\/wp-json\/wp\/v2\/comments?post=102339"}],"version-history":[{"count":2,"href":"https:\/\/acs.org.br\/academy\/wp-json\/wp\/v2\/posts\/102339\/revisions"}],"predecessor-version":[{"id":102374,"href":"https:\/\/acs.org.br\/academy\/wp-json\/wp\/v2\/posts\/102339\/revisions\/102374"}],"wp:featuredmedia":[{"embeddable":true,"href":"https:\/\/acs.org.br\/academy\/wp-json\/wp\/v2\/media\/102340"}],"wp:attachment":[{"href":"https:\/\/acs.org.br\/academy\/wp-json\/wp\/v2\/media?parent=102339"}],"wp:term":[{"taxonomy":"category","embeddable":true,"href":"https:\/\/acs.org.br\/academy\/wp-json\/wp\/v2\/categories?post=102339"},{"taxonomy":"post_tag","embeddable":true,"href":"https:\/\/acs.org.br\/academy\/wp-json\/wp\/v2\/tags?post=102339"}],"curies":[{"name":"wp","href":"https:\/\/api.w.org\/{rel}","templated":true}]}}