{"id":102295,"date":"2021-11-26T11:58:30","date_gmt":"2021-11-26T14:58:30","guid":{"rendered":"https:\/\/acs.org.br\/antigo\/?p=102295"},"modified":"2021-11-26T12:02:55","modified_gmt":"2021-11-26T15:02:55","slug":"cafe-estudo-destaca-que-faturamento-dos-cafes-do-brasil-em-2021-esta-em-r-386-bilhoes","status":"publish","type":"post","link":"https:\/\/acs.org.br\/academy\/cafe-estudo-destaca-que-faturamento-dos-cafes-do-brasil-em-2021-esta-em-r-386-bilhoes\/","title":{"rendered":"CAF\u00c9: Estudo destaca que faturamento dos Caf\u00e9s do Brasil em 2021 est\u00e1 em R$ 38,6 bilh\u00f5es"},"content":{"rendered":"<p>Fonte: Caf\u00e9 Point<\/p>\n<p>O Valor Bruto da Produ\u00e7\u00e3o (VBP) \u00e9 elaborado e divulgado mensalmente pela Secretaria de Pol\u00edtica Agr\u00edcola (SPA), do Minist\u00e9rio da Agricultura Pecu\u00e1ria e Abastecimento (Mapa). O estudo tem como base a safra anual estimada pelo Instituto Brasileiro de Geografia e Estat\u00edstica (IBGE) e os pre\u00e7os m\u00e9dios recebidos pelos produtores, divulgados pelo Centro de Estudos Avan\u00e7ados em Economia Aplicada (Cepea).<\/p>\n<p><a href=\"https:\/\/www.cafepoint.com.br\/noticias\/giro-de-noticias\/estudo-destaca-que-faturamento-dos-cafes-do-brasil-em-2021-esta-em-r-386-bilhoes-228192\/\">LEIA MAIS&#8230;<\/a><\/p>\n<p>&nbsp;<\/p>\n","protected":false},"excerpt":{"rendered":"<p>Fonte: Caf\u00e9 Point O Valor Bruto da Produ\u00e7\u00e3o (VBP) \u00e9 elaborado e divulgado mensalmente pela Secretaria de Pol\u00edtica Agr\u00edcola (SPA), do Minist\u00e9rio da Agricultura Pecu\u00e1ria e Abastecimento (Mapa). O estudo tem como base a safra anual estimada pelo Instituto Brasileiro de Geografia e Estat\u00edstica (IBGE) e os pre\u00e7os m\u00e9dios recebidos pelos produtores, divulgados pelo Centro [&hellip;]<\/p>\n","protected":false},"author":3,"featured_media":0,"comment_status":"open","ping_status":"open","sticky":false,"template":"","format":"standard","meta":{"footnotes":""},"categories":[105],"tags":[],"_links":{"self":[{"href":"https:\/\/acs.org.br\/academy\/wp-json\/wp\/v2\/posts\/102295"}],"collection":[{"href":"https:\/\/acs.org.br\/academy\/wp-json\/wp\/v2\/posts"}],"about":[{"href":"https:\/\/acs.org.br\/academy\/wp-json\/wp\/v2\/types\/post"}],"author":[{"embeddable":true,"href":"https:\/\/acs.org.br\/academy\/wp-json\/wp\/v2\/users\/3"}],"replies":[{"embeddable":true,"href":"https:\/\/acs.org.br\/academy\/wp-json\/wp\/v2\/comments?post=102295"}],"version-history":[{"count":1,"href":"https:\/\/acs.org.br\/academy\/wp-json\/wp\/v2\/posts\/102295\/revisions"}],"predecessor-version":[{"id":102296,"href":"https:\/\/acs.org.br\/academy\/wp-json\/wp\/v2\/posts\/102295\/revisions\/102296"}],"wp:attachment":[{"href":"https:\/\/acs.org.br\/academy\/wp-json\/wp\/v2\/media?parent=102295"}],"wp:term":[{"taxonomy":"category","embeddable":true,"href":"https:\/\/acs.org.br\/academy\/wp-json\/wp\/v2\/categories?post=102295"},{"taxonomy":"post_tag","embeddable":true,"href":"https:\/\/acs.org.br\/academy\/wp-json\/wp\/v2\/tags?post=102295"}],"curies":[{"name":"wp","href":"https:\/\/api.w.org\/{rel}","templated":true}]}}