{"id":102285,"date":"2021-11-26T10:17:06","date_gmt":"2021-11-26T13:17:06","guid":{"rendered":"https:\/\/acs.org.br\/antigo\/?p=102285"},"modified":"2021-11-26T10:17:06","modified_gmt":"2021-11-26T13:17:06","slug":"economia-black-friday-vem-ganhando-forca-mas-hoje-e-dia-crucial","status":"publish","type":"post","link":"https:\/\/acs.org.br\/academy\/economia-black-friday-vem-ganhando-forca-mas-hoje-e-dia-crucial\/","title":{"rendered":"ECONOMIA: Black Friday vem ganhando for\u00e7a, mas hoje \u00e9 dia crucial"},"content":{"rendered":"<p><em>Andrea Fernandes, do T.Group, e Felipe Mendes, da GfK: neste ano, oferta de \u2018cash back\u2019 pode ajudar vendas de Natal\u00a0 &#8211;\u00a0 \u00a0Foto: Leo Pinheiro\/Valor<\/em><\/p>\n<p>Fonte: Valor Econ\u00f4mico<\/p>\n<p>A Black Friday deste ano est\u00e1 ganhando for\u00e7a nos \u00faltimos dias, mas os resultados dependem do desempenho de hoje, data principal do evento. Consultores e empresas relatam uma eleva\u00e7\u00e3o no ritmo de vendas ap\u00f3s a quarta-feira, diferentemente do cen\u00e1rio visto no ano passado, quando as vendas ficaram menos concentradas nesta semana.<\/p>\n<p><a href=\"https:\/\/acs.org.br\/antigo\/wp-content\/uploads\/2021\/11\/BLACKFRIDAY-261121.pdf\">LEIA MAIS&#8230;<\/a><\/p>\n","protected":false},"excerpt":{"rendered":"<p>Andrea Fernandes, do T.Group, e Felipe Mendes, da GfK: neste ano, oferta de \u2018cash back\u2019 pode ajudar vendas de Natal\u00a0 &#8211;\u00a0 \u00a0Foto: Leo Pinheiro\/Valor Fonte: Valor Econ\u00f4mico A Black Friday deste ano est\u00e1 ganhando for\u00e7a nos \u00faltimos dias, mas os resultados dependem do desempenho de hoje, data principal do evento. Consultores e empresas relatam uma [&hellip;]<\/p>\n","protected":false},"author":3,"featured_media":102287,"comment_status":"open","ping_status":"open","sticky":false,"template":"","format":"standard","meta":{"footnotes":""},"categories":[105],"tags":[],"_links":{"self":[{"href":"https:\/\/acs.org.br\/academy\/wp-json\/wp\/v2\/posts\/102285"}],"collection":[{"href":"https:\/\/acs.org.br\/academy\/wp-json\/wp\/v2\/posts"}],"about":[{"href":"https:\/\/acs.org.br\/academy\/wp-json\/wp\/v2\/types\/post"}],"author":[{"embeddable":true,"href":"https:\/\/acs.org.br\/academy\/wp-json\/wp\/v2\/users\/3"}],"replies":[{"embeddable":true,"href":"https:\/\/acs.org.br\/academy\/wp-json\/wp\/v2\/comments?post=102285"}],"version-history":[{"count":1,"href":"https:\/\/acs.org.br\/academy\/wp-json\/wp\/v2\/posts\/102285\/revisions"}],"predecessor-version":[{"id":102288,"href":"https:\/\/acs.org.br\/academy\/wp-json\/wp\/v2\/posts\/102285\/revisions\/102288"}],"wp:featuredmedia":[{"embeddable":true,"href":"https:\/\/acs.org.br\/academy\/wp-json\/wp\/v2\/media\/102287"}],"wp:attachment":[{"href":"https:\/\/acs.org.br\/academy\/wp-json\/wp\/v2\/media?parent=102285"}],"wp:term":[{"taxonomy":"category","embeddable":true,"href":"https:\/\/acs.org.br\/academy\/wp-json\/wp\/v2\/categories?post=102285"},{"taxonomy":"post_tag","embeddable":true,"href":"https:\/\/acs.org.br\/academy\/wp-json\/wp\/v2\/tags?post=102285"}],"curies":[{"name":"wp","href":"https:\/\/api.w.org\/{rel}","templated":true}]}}