{"id":102282,"date":"2021-11-26T08:55:24","date_gmt":"2021-11-26T11:55:24","guid":{"rendered":"https:\/\/acs.org.br\/antigo\/?p=102282"},"modified":"2021-11-26T08:55:24","modified_gmt":"2021-11-26T11:55:24","slug":"atualidades-raphael-meirelles-vence-eleicao-para-oab-santos","status":"publish","type":"post","link":"https:\/\/acs.org.br\/academy\/atualidades-raphael-meirelles-vence-eleicao-para-oab-santos\/","title":{"rendered":"ATUALIDADES: Raphael Meirelles vence elei\u00e7\u00e3o para OAB-Santos"},"content":{"rendered":"<p>Fonte: A Tribuna<\/p>\n<p>O advogado trabalhista Raphael Meirelles, de 39 anos, venceu a elei\u00e7\u00e3o para a presid\u00eancia da Subse\u00e7\u00e3o de Santos da Ordem dos Advogados do Brasil (OAB-Santos) e vai comandar a entidade entre 2022 a 2024.<\/p>\n<p><a href=\"https:\/\/acs.org.br\/antigo\/wp-content\/uploads\/2021\/11\/OAB261121.pdf\">LEIA MAIS&#8230;<\/a><\/p>\n","protected":false},"excerpt":{"rendered":"<p>Fonte: A Tribuna O advogado trabalhista Raphael Meirelles, de 39 anos, venceu a elei\u00e7\u00e3o para a presid\u00eancia da Subse\u00e7\u00e3o de Santos da Ordem dos Advogados do Brasil (OAB-Santos) e vai comandar a entidade entre 2022 a 2024. LEIA MAIS&#8230;<\/p>\n","protected":false},"author":3,"featured_media":0,"comment_status":"open","ping_status":"open","sticky":false,"template":"","format":"standard","meta":{"footnotes":""},"categories":[105],"tags":[],"_links":{"self":[{"href":"https:\/\/acs.org.br\/academy\/wp-json\/wp\/v2\/posts\/102282"}],"collection":[{"href":"https:\/\/acs.org.br\/academy\/wp-json\/wp\/v2\/posts"}],"about":[{"href":"https:\/\/acs.org.br\/academy\/wp-json\/wp\/v2\/types\/post"}],"author":[{"embeddable":true,"href":"https:\/\/acs.org.br\/academy\/wp-json\/wp\/v2\/users\/3"}],"replies":[{"embeddable":true,"href":"https:\/\/acs.org.br\/academy\/wp-json\/wp\/v2\/comments?post=102282"}],"version-history":[{"count":1,"href":"https:\/\/acs.org.br\/academy\/wp-json\/wp\/v2\/posts\/102282\/revisions"}],"predecessor-version":[{"id":102284,"href":"https:\/\/acs.org.br\/academy\/wp-json\/wp\/v2\/posts\/102282\/revisions\/102284"}],"wp:attachment":[{"href":"https:\/\/acs.org.br\/academy\/wp-json\/wp\/v2\/media?parent=102282"}],"wp:term":[{"taxonomy":"category","embeddable":true,"href":"https:\/\/acs.org.br\/academy\/wp-json\/wp\/v2\/categories?post=102282"},{"taxonomy":"post_tag","embeddable":true,"href":"https:\/\/acs.org.br\/academy\/wp-json\/wp\/v2\/tags?post=102282"}],"curies":[{"name":"wp","href":"https:\/\/api.w.org\/{rel}","templated":true}]}}