{"id":102275,"date":"2021-11-26T08:49:37","date_gmt":"2021-11-26T11:49:37","guid":{"rendered":"https:\/\/acs.org.br\/antigo\/?p=102275"},"modified":"2021-11-26T08:49:37","modified_gmt":"2021-11-26T11:49:37","slug":"porto-ministro-da-infraestrutura-inaugura-obras-no-porto-de-santos","status":"publish","type":"post","link":"https:\/\/acs.org.br\/academy\/porto-ministro-da-infraestrutura-inaugura-obras-no-porto-de-santos\/","title":{"rendered":"PORTO: Ministro da Infraestrutura inaugura obras no Porto de Santos"},"content":{"rendered":"<p>Fonte: A Tribuna online<\/p>\n<p>Os aportes envolveram a constru\u00e7\u00e3o de uma terceira linha f\u00e9rrea no bairro do Paquet\u00e1, pela Portofer, a concession\u00e1ria ferrovi\u00e1ria do Porto de Santos. A estrutura, que facilitar\u00e1 o acesso ferrovi\u00e1rio aos terminais da Margem Direita (Santos), ser\u00e1 inaugurada \u00e0s 11 horas pelo ministro.<\/p>\n<p><a href=\"https:\/\/acs.org.br\/antigo\/wp-content\/uploads\/2021\/11\/MINISTRO-261121.pdf\">LEIA MAIS&#8230;<\/a><\/p>\n","protected":false},"excerpt":{"rendered":"<p>Fonte: A Tribuna online Os aportes envolveram a constru\u00e7\u00e3o de uma terceira linha f\u00e9rrea no bairro do Paquet\u00e1, pela Portofer, a concession\u00e1ria ferrovi\u00e1ria do Porto de Santos. A estrutura, que facilitar\u00e1 o acesso ferrovi\u00e1rio aos terminais da Margem Direita (Santos), ser\u00e1 inaugurada \u00e0s 11 horas pelo ministro. LEIA MAIS&#8230;<\/p>\n","protected":false},"author":3,"featured_media":102277,"comment_status":"open","ping_status":"open","sticky":false,"template":"","format":"standard","meta":{"footnotes":""},"categories":[105],"tags":[],"_links":{"self":[{"href":"https:\/\/acs.org.br\/academy\/wp-json\/wp\/v2\/posts\/102275"}],"collection":[{"href":"https:\/\/acs.org.br\/academy\/wp-json\/wp\/v2\/posts"}],"about":[{"href":"https:\/\/acs.org.br\/academy\/wp-json\/wp\/v2\/types\/post"}],"author":[{"embeddable":true,"href":"https:\/\/acs.org.br\/academy\/wp-json\/wp\/v2\/users\/3"}],"replies":[{"embeddable":true,"href":"https:\/\/acs.org.br\/academy\/wp-json\/wp\/v2\/comments?post=102275"}],"version-history":[{"count":1,"href":"https:\/\/acs.org.br\/academy\/wp-json\/wp\/v2\/posts\/102275\/revisions"}],"predecessor-version":[{"id":102278,"href":"https:\/\/acs.org.br\/academy\/wp-json\/wp\/v2\/posts\/102275\/revisions\/102278"}],"wp:featuredmedia":[{"embeddable":true,"href":"https:\/\/acs.org.br\/academy\/wp-json\/wp\/v2\/media\/102277"}],"wp:attachment":[{"href":"https:\/\/acs.org.br\/academy\/wp-json\/wp\/v2\/media?parent=102275"}],"wp:term":[{"taxonomy":"category","embeddable":true,"href":"https:\/\/acs.org.br\/academy\/wp-json\/wp\/v2\/categories?post=102275"},{"taxonomy":"post_tag","embeddable":true,"href":"https:\/\/acs.org.br\/academy\/wp-json\/wp\/v2\/tags?post=102275"}],"curies":[{"name":"wp","href":"https:\/\/api.w.org\/{rel}","templated":true}]}}