{"id":102269,"date":"2021-11-25T16:57:27","date_gmt":"2021-11-25T19:57:27","guid":{"rendered":"https:\/\/acs.org.br\/antigo\/?p=102269"},"modified":"2021-11-25T16:57:27","modified_gmt":"2021-11-25T19:57:27","slug":"atualidades-andre-neiva-e-reeleito-para-a-presidencia-do-sindisan","status":"publish","type":"post","link":"https:\/\/acs.org.br\/academy\/atualidades-andre-neiva-e-reeleito-para-a-presidencia-do-sindisan\/","title":{"rendered":"ATUALIDADES:  Andr\u00e9 Neiva \u00e9 reeleito para a presid\u00eancia do Sindisan"},"content":{"rendered":"<p>Fonte: Sindisan<\/p>\n<p>Durante todo o dia de ontem (24), diversos transportadores associados participaram da elei\u00e7\u00e3o para a diretoria que vai estar \u00e0 frente do Sindisan nos pr\u00f3ximos tr\u00eas anos (2022-2024).<\/p>\n<p><a href=\"https:\/\/sindisan.com.br\/?p=16888\">LEIA MAIS&#8230;<\/a><\/p>\n","protected":false},"excerpt":{"rendered":"<p>Fonte: Sindisan Durante todo o dia de ontem (24), diversos transportadores associados participaram da elei\u00e7\u00e3o para a diretoria que vai estar \u00e0 frente do Sindisan nos pr\u00f3ximos tr\u00eas anos (2022-2024). LEIA MAIS&#8230;<\/p>\n","protected":false},"author":2,"featured_media":0,"comment_status":"open","ping_status":"open","sticky":false,"template":"","format":"standard","meta":{"footnotes":""},"categories":[105],"tags":[],"_links":{"self":[{"href":"https:\/\/acs.org.br\/academy\/wp-json\/wp\/v2\/posts\/102269"}],"collection":[{"href":"https:\/\/acs.org.br\/academy\/wp-json\/wp\/v2\/posts"}],"about":[{"href":"https:\/\/acs.org.br\/academy\/wp-json\/wp\/v2\/types\/post"}],"author":[{"embeddable":true,"href":"https:\/\/acs.org.br\/academy\/wp-json\/wp\/v2\/users\/2"}],"replies":[{"embeddable":true,"href":"https:\/\/acs.org.br\/academy\/wp-json\/wp\/v2\/comments?post=102269"}],"version-history":[{"count":1,"href":"https:\/\/acs.org.br\/academy\/wp-json\/wp\/v2\/posts\/102269\/revisions"}],"predecessor-version":[{"id":102270,"href":"https:\/\/acs.org.br\/academy\/wp-json\/wp\/v2\/posts\/102269\/revisions\/102270"}],"wp:attachment":[{"href":"https:\/\/acs.org.br\/academy\/wp-json\/wp\/v2\/media?parent=102269"}],"wp:term":[{"taxonomy":"category","embeddable":true,"href":"https:\/\/acs.org.br\/academy\/wp-json\/wp\/v2\/categories?post=102269"},{"taxonomy":"post_tag","embeddable":true,"href":"https:\/\/acs.org.br\/academy\/wp-json\/wp\/v2\/tags?post=102269"}],"curies":[{"name":"wp","href":"https:\/\/api.w.org\/{rel}","templated":true}]}}