{"id":102267,"date":"2021-11-25T16:02:28","date_gmt":"2021-11-25T19:02:28","guid":{"rendered":"https:\/\/acs.org.br\/antigo\/?p=102267"},"modified":"2021-11-25T16:02:28","modified_gmt":"2021-11-25T19:02:28","slug":"cafe-o-que-esperar-da-cafeicultura-para-os-proximos-anos","status":"publish","type":"post","link":"https:\/\/acs.org.br\/academy\/cafe-o-que-esperar-da-cafeicultura-para-os-proximos-anos\/","title":{"rendered":"CAF\u00c9: O que esperar da cafeicultura para os pr\u00f3ximos anos?"},"content":{"rendered":"<p>Fonte: Caf\u00e9 Point<\/p>\n<p>Desafiador n\u00e3o seria a melhor defini\u00e7\u00e3o para a cafeicultura brasileira considerando o bi\u00eanio 2020\/2021. Inicialmente, uma pandemia que mudou e continua mudando os h\u00e1bitos de muita gente ao redor do mundo, inclusive de consumo de caf\u00e9.<\/p>\n<p><a href=\"https:\/\/www.cafepoint.com.br\/colunas\/espaco-aberto\/o-que-esperar-da-cafeicultura-para-os-proximos-anos-228175\/\">LEIA MAIS&#8230;<\/a><\/p>\n<p>&nbsp;<\/p>\n","protected":false},"excerpt":{"rendered":"<p>Fonte: Caf\u00e9 Point Desafiador n\u00e3o seria a melhor defini\u00e7\u00e3o para a cafeicultura brasileira considerando o bi\u00eanio 2020\/2021. Inicialmente, uma pandemia que mudou e continua mudando os h\u00e1bitos de muita gente ao redor do mundo, inclusive de consumo de caf\u00e9. LEIA MAIS&#8230; &nbsp;<\/p>\n","protected":false},"author":3,"featured_media":0,"comment_status":"open","ping_status":"open","sticky":false,"template":"","format":"standard","meta":{"footnotes":""},"categories":[105],"tags":[],"_links":{"self":[{"href":"https:\/\/acs.org.br\/academy\/wp-json\/wp\/v2\/posts\/102267"}],"collection":[{"href":"https:\/\/acs.org.br\/academy\/wp-json\/wp\/v2\/posts"}],"about":[{"href":"https:\/\/acs.org.br\/academy\/wp-json\/wp\/v2\/types\/post"}],"author":[{"embeddable":true,"href":"https:\/\/acs.org.br\/academy\/wp-json\/wp\/v2\/users\/3"}],"replies":[{"embeddable":true,"href":"https:\/\/acs.org.br\/academy\/wp-json\/wp\/v2\/comments?post=102267"}],"version-history":[{"count":1,"href":"https:\/\/acs.org.br\/academy\/wp-json\/wp\/v2\/posts\/102267\/revisions"}],"predecessor-version":[{"id":102268,"href":"https:\/\/acs.org.br\/academy\/wp-json\/wp\/v2\/posts\/102267\/revisions\/102268"}],"wp:attachment":[{"href":"https:\/\/acs.org.br\/academy\/wp-json\/wp\/v2\/media?parent=102267"}],"wp:term":[{"taxonomy":"category","embeddable":true,"href":"https:\/\/acs.org.br\/academy\/wp-json\/wp\/v2\/categories?post=102267"},{"taxonomy":"post_tag","embeddable":true,"href":"https:\/\/acs.org.br\/academy\/wp-json\/wp\/v2\/tags?post=102267"}],"curies":[{"name":"wp","href":"https:\/\/api.w.org\/{rel}","templated":true}]}}