{"id":102264,"date":"2021-11-25T15:55:31","date_gmt":"2021-11-25T18:55:31","guid":{"rendered":"https:\/\/acs.org.br\/antigo\/?p=102264"},"modified":"2021-11-25T15:55:31","modified_gmt":"2021-11-25T18:55:31","slug":"atualidades-anvisa-recomenda-exigir-vacinacao-para-covid-para-entrada-de-viajantes-no-brasil","status":"publish","type":"post","link":"https:\/\/acs.org.br\/academy\/atualidades-anvisa-recomenda-exigir-vacinacao-para-covid-para-entrada-de-viajantes-no-brasil\/","title":{"rendered":"ATUALIDADES: Anvisa recomenda exigir vacina\u00e7\u00e3o para Covid para entrada de viajantes no Brasil"},"content":{"rendered":"<p>Fonte: G1<\/p>\n<p>A Ag\u00eancia Nacional de Vigil\u00e2ncia Sanit\u00e1ria (Anvisa) publicou, nesta quinta-feira (25), duas notas t\u00e9cnicas recomendando \u00e0 Casa Civil que a vacina\u00e7\u00e3o contra a Covid-19 seja obrigat\u00f3ria para entrada no Brasil por ar e terra. A segunda dose ou a dose \u00fanica da vacina deve ter sido dada pelo menos 14 dias antes da entrada no pa\u00eds.<\/p>\n<p><a href=\"https:\/\/g1.globo.com\/saude\/coronavirus\/noticia\/2021\/11\/25\/entrada-viajantes-anvisa-vacinacao.ghtml\">LEIA MAIS<\/a><\/p>\n<p>&nbsp;<\/p>\n","protected":false},"excerpt":{"rendered":"<p>Fonte: G1 A Ag\u00eancia Nacional de Vigil\u00e2ncia Sanit\u00e1ria (Anvisa) publicou, nesta quinta-feira (25), duas notas t\u00e9cnicas recomendando \u00e0 Casa Civil que a vacina\u00e7\u00e3o contra a Covid-19 seja obrigat\u00f3ria para entrada no Brasil por ar e terra. A segunda dose ou a dose \u00fanica da vacina deve ter sido dada pelo menos 14 dias antes da [&hellip;]<\/p>\n","protected":false},"author":3,"featured_media":102265,"comment_status":"open","ping_status":"open","sticky":false,"template":"","format":"standard","meta":{"footnotes":""},"categories":[105],"tags":[],"_links":{"self":[{"href":"https:\/\/acs.org.br\/academy\/wp-json\/wp\/v2\/posts\/102264"}],"collection":[{"href":"https:\/\/acs.org.br\/academy\/wp-json\/wp\/v2\/posts"}],"about":[{"href":"https:\/\/acs.org.br\/academy\/wp-json\/wp\/v2\/types\/post"}],"author":[{"embeddable":true,"href":"https:\/\/acs.org.br\/academy\/wp-json\/wp\/v2\/users\/3"}],"replies":[{"embeddable":true,"href":"https:\/\/acs.org.br\/academy\/wp-json\/wp\/v2\/comments?post=102264"}],"version-history":[{"count":1,"href":"https:\/\/acs.org.br\/academy\/wp-json\/wp\/v2\/posts\/102264\/revisions"}],"predecessor-version":[{"id":102266,"href":"https:\/\/acs.org.br\/academy\/wp-json\/wp\/v2\/posts\/102264\/revisions\/102266"}],"wp:featuredmedia":[{"embeddable":true,"href":"https:\/\/acs.org.br\/academy\/wp-json\/wp\/v2\/media\/102265"}],"wp:attachment":[{"href":"https:\/\/acs.org.br\/academy\/wp-json\/wp\/v2\/media?parent=102264"}],"wp:term":[{"taxonomy":"category","embeddable":true,"href":"https:\/\/acs.org.br\/academy\/wp-json\/wp\/v2\/categories?post=102264"},{"taxonomy":"post_tag","embeddable":true,"href":"https:\/\/acs.org.br\/academy\/wp-json\/wp\/v2\/tags?post=102264"}],"curies":[{"name":"wp","href":"https:\/\/api.w.org\/{rel}","templated":true}]}}