{"id":102233,"date":"2021-11-25T09:32:26","date_gmt":"2021-11-25T12:32:26","guid":{"rendered":"https:\/\/acs.org.br\/antigo\/?p=102233"},"modified":"2021-11-25T09:32:26","modified_gmt":"2021-11-25T12:32:26","slug":"porto-gport-integra-sistema-federal-de-inteligencia","status":"publish","type":"post","link":"https:\/\/acs.org.br\/academy\/porto-gport-integra-sistema-federal-de-inteligencia\/","title":{"rendered":"PORTO: Gport integra sistema federal de intelig\u00eancia"},"content":{"rendered":"<p><em>Guarda Portu\u00e1ria de Santos tem 128 anos e conta com 267 profissionais que atuam no cais santista<\/em><\/p>\n<p>Fonte: A Tribuna<\/p>\n<p>A guarda Portu\u00e1ria (Gport) vai integrar a Plataforma Integrada de Opera\u00e7\u00f5es e Monitoramento de Seguran\u00e7a P\u00fablica (C\u00f3rtex), um sistema federal de intelig\u00eancia vinculado ao Minist\u00e9rio da Justi\u00e7a e da Seguran\u00e7a P\u00fablica.<\/p>\n<p><a href=\"https:\/\/acs.org.br\/antigo\/wp-content\/uploads\/2021\/11\/GORT-251121.pdf\">LEIA MAIS&#8230;<\/a><\/p>\n","protected":false},"excerpt":{"rendered":"<p>Guarda Portu\u00e1ria de Santos tem 128 anos e conta com 267 profissionais que atuam no cais santista Fonte: A Tribuna A guarda Portu\u00e1ria (Gport) vai integrar a Plataforma Integrada de Opera\u00e7\u00f5es e Monitoramento de Seguran\u00e7a P\u00fablica (C\u00f3rtex), um sistema federal de intelig\u00eancia vinculado ao Minist\u00e9rio da Justi\u00e7a e da Seguran\u00e7a P\u00fablica. LEIA MAIS&#8230;<\/p>\n","protected":false},"author":3,"featured_media":102235,"comment_status":"open","ping_status":"open","sticky":false,"template":"","format":"standard","meta":{"footnotes":""},"categories":[105],"tags":[],"_links":{"self":[{"href":"https:\/\/acs.org.br\/academy\/wp-json\/wp\/v2\/posts\/102233"}],"collection":[{"href":"https:\/\/acs.org.br\/academy\/wp-json\/wp\/v2\/posts"}],"about":[{"href":"https:\/\/acs.org.br\/academy\/wp-json\/wp\/v2\/types\/post"}],"author":[{"embeddable":true,"href":"https:\/\/acs.org.br\/academy\/wp-json\/wp\/v2\/users\/3"}],"replies":[{"embeddable":true,"href":"https:\/\/acs.org.br\/academy\/wp-json\/wp\/v2\/comments?post=102233"}],"version-history":[{"count":1,"href":"https:\/\/acs.org.br\/academy\/wp-json\/wp\/v2\/posts\/102233\/revisions"}],"predecessor-version":[{"id":102236,"href":"https:\/\/acs.org.br\/academy\/wp-json\/wp\/v2\/posts\/102233\/revisions\/102236"}],"wp:featuredmedia":[{"embeddable":true,"href":"https:\/\/acs.org.br\/academy\/wp-json\/wp\/v2\/media\/102235"}],"wp:attachment":[{"href":"https:\/\/acs.org.br\/academy\/wp-json\/wp\/v2\/media?parent=102233"}],"wp:term":[{"taxonomy":"category","embeddable":true,"href":"https:\/\/acs.org.br\/academy\/wp-json\/wp\/v2\/categories?post=102233"},{"taxonomy":"post_tag","embeddable":true,"href":"https:\/\/acs.org.br\/academy\/wp-json\/wp\/v2\/tags?post=102233"}],"curies":[{"name":"wp","href":"https:\/\/api.w.org\/{rel}","templated":true}]}}