{"id":102228,"date":"2021-11-24T16:30:19","date_gmt":"2021-11-24T19:30:19","guid":{"rendered":"https:\/\/acs.org.br\/antigo\/?p=102228"},"modified":"2021-11-24T16:30:19","modified_gmt":"2021-11-24T19:30:19","slug":"politica-pec-dos-precatorios-parecer-final-atrela-auxilio-brasil-a-mudanca-no-teto","status":"publish","type":"post","link":"https:\/\/acs.org.br\/academy\/politica-pec-dos-precatorios-parecer-final-atrela-auxilio-brasil-a-mudanca-no-teto\/","title":{"rendered":"POL\u00cdTICA: PEC dos Precat\u00f3rios: parecer final atrela Aux\u00edlio Brasil a mudan\u00e7a no teto"},"content":{"rendered":"<p>Fonte: CNN Brasil<\/p>\n<p>O relator da PEC dos Precat\u00f3rios, senador Fernando Bezerra, protocolou nesta quarta-feira (24) o parecer final da proposta que abre espa\u00e7o no Or\u00e7amento p\u00fablico de 2022.<\/p>\n<p><a href=\"https:\/\/www.cnnbrasil.com.br\/business\/pec-dos-precatorios-parecer-final-atrela-auxilio-brasil-a-mudanca-no-teto\/\">LEIA MAIS&#8230;<\/a><\/p>\n","protected":false},"excerpt":{"rendered":"<p>Fonte: CNN Brasil O relator da PEC dos Precat\u00f3rios, senador Fernando Bezerra, protocolou nesta quarta-feira (24) o parecer final da proposta que abre espa\u00e7o no Or\u00e7amento p\u00fablico de 2022. LEIA MAIS&#8230;<\/p>\n","protected":false},"author":3,"featured_media":102229,"comment_status":"open","ping_status":"open","sticky":false,"template":"","format":"standard","meta":{"footnotes":""},"categories":[105],"tags":[],"_links":{"self":[{"href":"https:\/\/acs.org.br\/academy\/wp-json\/wp\/v2\/posts\/102228"}],"collection":[{"href":"https:\/\/acs.org.br\/academy\/wp-json\/wp\/v2\/posts"}],"about":[{"href":"https:\/\/acs.org.br\/academy\/wp-json\/wp\/v2\/types\/post"}],"author":[{"embeddable":true,"href":"https:\/\/acs.org.br\/academy\/wp-json\/wp\/v2\/users\/3"}],"replies":[{"embeddable":true,"href":"https:\/\/acs.org.br\/academy\/wp-json\/wp\/v2\/comments?post=102228"}],"version-history":[{"count":1,"href":"https:\/\/acs.org.br\/academy\/wp-json\/wp\/v2\/posts\/102228\/revisions"}],"predecessor-version":[{"id":102230,"href":"https:\/\/acs.org.br\/academy\/wp-json\/wp\/v2\/posts\/102228\/revisions\/102230"}],"wp:featuredmedia":[{"embeddable":true,"href":"https:\/\/acs.org.br\/academy\/wp-json\/wp\/v2\/media\/102229"}],"wp:attachment":[{"href":"https:\/\/acs.org.br\/academy\/wp-json\/wp\/v2\/media?parent=102228"}],"wp:term":[{"taxonomy":"category","embeddable":true,"href":"https:\/\/acs.org.br\/academy\/wp-json\/wp\/v2\/categories?post=102228"},{"taxonomy":"post_tag","embeddable":true,"href":"https:\/\/acs.org.br\/academy\/wp-json\/wp\/v2\/tags?post=102228"}],"curies":[{"name":"wp","href":"https:\/\/api.w.org\/{rel}","templated":true}]}}