{"id":102226,"date":"2021-11-24T16:25:15","date_gmt":"2021-11-24T19:25:15","guid":{"rendered":"https:\/\/acs.org.br\/antigo\/?p=102226"},"modified":"2021-11-24T16:25:15","modified_gmt":"2021-11-24T19:25:15","slug":"cafe-producao-colombiana-de-cafe-na-safra-2021-2022-deve-fechar-em-138-milhoes-de-sacas","status":"publish","type":"post","link":"https:\/\/acs.org.br\/academy\/cafe-producao-colombiana-de-cafe-na-safra-2021-2022-deve-fechar-em-138-milhoes-de-sacas\/","title":{"rendered":"CAF\u00c9: Produ\u00e7\u00e3o colombiana de caf\u00e9 na safra 2021\/2022 deve fechar em 13,8 milh\u00f5es de sacas"},"content":{"rendered":"<p>Fonte: Caf\u00e9 Point<\/p>\n<p>Segundo o Departamento de Agricultura dos Estados Unidos (USDA), a safra de caf\u00e9 2021\/2022 da Col\u00f4mbia ter\u00e1 uma queda de 2,1%, apresentando um total de 13,8 milh\u00f5es de sacas.<\/p>\n<p><a href=\"https:\/\/www.cafepoint.com.br\/noticias\/giro-de-noticias\/producao-colombiana-de-cafe-na-safra-20212022-deve-fechar-em-138-milhoes-de-sacas-228150\/\">LEIA MAIS&#8230;<\/a><\/p>\n<p>&nbsp;<\/p>\n","protected":false},"excerpt":{"rendered":"<p>Fonte: Caf\u00e9 Point Segundo o Departamento de Agricultura dos Estados Unidos (USDA), a safra de caf\u00e9 2021\/2022 da Col\u00f4mbia ter\u00e1 uma queda de 2,1%, apresentando um total de 13,8 milh\u00f5es de sacas. LEIA MAIS&#8230; &nbsp;<\/p>\n","protected":false},"author":3,"featured_media":0,"comment_status":"open","ping_status":"open","sticky":false,"template":"","format":"standard","meta":{"footnotes":""},"categories":[105],"tags":[],"_links":{"self":[{"href":"https:\/\/acs.org.br\/academy\/wp-json\/wp\/v2\/posts\/102226"}],"collection":[{"href":"https:\/\/acs.org.br\/academy\/wp-json\/wp\/v2\/posts"}],"about":[{"href":"https:\/\/acs.org.br\/academy\/wp-json\/wp\/v2\/types\/post"}],"author":[{"embeddable":true,"href":"https:\/\/acs.org.br\/academy\/wp-json\/wp\/v2\/users\/3"}],"replies":[{"embeddable":true,"href":"https:\/\/acs.org.br\/academy\/wp-json\/wp\/v2\/comments?post=102226"}],"version-history":[{"count":1,"href":"https:\/\/acs.org.br\/academy\/wp-json\/wp\/v2\/posts\/102226\/revisions"}],"predecessor-version":[{"id":102227,"href":"https:\/\/acs.org.br\/academy\/wp-json\/wp\/v2\/posts\/102226\/revisions\/102227"}],"wp:attachment":[{"href":"https:\/\/acs.org.br\/academy\/wp-json\/wp\/v2\/media?parent=102226"}],"wp:term":[{"taxonomy":"category","embeddable":true,"href":"https:\/\/acs.org.br\/academy\/wp-json\/wp\/v2\/categories?post=102226"},{"taxonomy":"post_tag","embeddable":true,"href":"https:\/\/acs.org.br\/academy\/wp-json\/wp\/v2\/tags?post=102226"}],"curies":[{"name":"wp","href":"https:\/\/api.w.org\/{rel}","templated":true}]}}